{"id":357,"date":"2023-09-13T10:24:13","date_gmt":"2023-09-13T13:24:13","guid":{"rendered":"https:\/\/noticiasregionais.com.br\/?p=357"},"modified":"2023-09-13T10:30:40","modified_gmt":"2023-09-13T13:30:40","slug":"brasileiro-condenado-a-prisao-perpetua-nos-eua-e-capturado","status":"publish","type":"post","link":"https:\/\/noticiasregionais.com.br\/?p=357","title":{"rendered":"Brasileiro condenado \u00e0 pris\u00e3o perp\u00e9tua nos EUA \u00e9 capturado"},"content":{"rendered":"\n<p>O brasileiro fugitivo Danilo Cavalcante foi capturado pelas autoridades dos Estados Unidos na manh\u00e3 desta quarta-feira (13). A pol\u00edcia ir\u00e1 dar uma coletiva de imprensa \u00e0s 10h30 (hor\u00e1rio de Bras\u00edlia) para falar sobre o caso.<\/p>\n\n\n\n<p>Danilo Cavalcante foi condenado \u00e0 pris\u00e3o perp\u00e9tua no \u00faltimo dia 22 por matar a ex-namorada D\u00e9borah Brand\u00e3o, na \u00e9poca com 34 anos, a facadas. Os dois s\u00e3o brasileiros, mas o crime ocorreu na cidade de Phoenixville, no estado da Pensilv\u00e2nia (EUA).<\/p>\n\n\n\n<p>O brasileiro escapou da pris\u00e3o do condado de Chester na manh\u00e3 de 31 de agosto. Ele foi classificado como um homem extremamente perigoso.<\/p>\n\n\n\n<p>Segundo a promotoria, Danilo esfaqueou a mulher at\u00e9 a morte na frente dos filhos dela, de 4 e 7 anos. Ele n\u00e3o aceitava o fim do relacionamento do casal. O assassinato ocorreu em abril de 2021.<\/p>\n\n\n\n<p>Ap\u00f3s o crime, Cavalcante fugiu para o estado da Virg\u00ednia, mas foi preso pela pol\u00edcia local menos de duas horas ap\u00f3s o assassinato.<\/p>\n\n\n\n<p>Sarah Brand\u00e3o, irm\u00e3 de Deborah, contou ao UOL em 2021 sobre a din\u00e2mica do que ocorreu: &#8220;Foi enquanto ela pegava as compras do supermercado no carro dela, com as crian\u00e7as. Ele pegou ela pelo cabelo e a golpeou no t\u00f3rax, deixando as crian\u00e7as verem tudo&#8221;.<\/p>\n\n\n\n<p><sub>fonte: Sampi \/ Folhapress<\/sub><\/p>\n<input type=\"hidden\" id=\"baseurl\" value=\"https:\/\/noticiasregionais.com.br\"><input type=\"hidden\" id=\"audio_nonce\" value=\"533fbb67b1\">","protected":false},"excerpt":{"rendered":"<p>O brasileiro fugitivo Danilo Cavalcante foi capturado pelas autoridades dos Estados Unidos na manh\u00e3 desta quarta-feira (13). A pol\u00edcia ir\u00e1&hellip;<\/p>\n","protected":false},"author":1,"featured_media":362,"comment_status":"closed","ping_status":"open","sticky":false,"template":"","format":"standard","meta":{"sfsi_plus_gutenberg_text_before_share":"","sfsi_plus_gutenberg_show_text_before_share":"","sfsi_plus_gutenberg_icon_type":"","sfsi_plus_gutenberg_icon_alignemt":"","sfsi_plus_gutenburg_max_per_row":"","footnotes":""},"categories":[9,10,1],"tags":[],"class_list":["post-357","post","type-post","status-publish","format-standard","has-post-thumbnail","hentry","category-mundo","category-destaques","category-noticias"],"_links":{"self":[{"href":"https:\/\/noticiasregionais.com.br\/index.php?rest_route=\/wp\/v2\/posts\/357","targetHints":{"allow":["GET"]}}],"collection":[{"href":"https:\/\/noticiasregionais.com.br\/index.php?rest_route=\/wp\/v2\/posts"}],"about":[{"href":"https:\/\/noticiasregionais.com.br\/index.php?rest_route=\/wp\/v2\/types\/post"}],"author":[{"embeddable":true,"href":"https:\/\/noticiasregionais.com.br\/index.php?rest_route=\/wp\/v2\/users\/1"}],"replies":[{"embeddable":true,"href":"https:\/\/noticiasregionais.com.br\/index.php?rest_route=%2Fwp%2Fv2%2Fcomments&post=357"}],"version-history":[{"count":1,"href":"https:\/\/noticiasregionais.com.br\/index.php?rest_route=\/wp\/v2\/posts\/357\/revisions"}],"predecessor-version":[{"id":359,"href":"https:\/\/noticiasregionais.com.br\/index.php?rest_route=\/wp\/v2\/posts\/357\/revisions\/359"}],"wp:featuredmedia":[{"embeddable":true,"href":"https:\/\/noticiasregionais.com.br\/index.php?rest_route=\/wp\/v2\/media\/362"}],"wp:attachment":[{"href":"https:\/\/noticiasregionais.com.br\/index.php?rest_route=%2Fwp%2Fv2%2Fmedia&parent=357"}],"wp:term":[{"taxonomy":"category","embeddable":true,"href":"https:\/\/noticiasregionais.com.br\/index.php?rest_route=%2Fwp%2Fv2%2Fcategories&post=357"},{"taxonomy":"post_tag","embeddable":true,"href":"https:\/\/noticiasregionais.com.br\/index.php?rest_route=%2Fwp%2Fv2%2Ftags&post=357"}],"curies":[{"name":"wp","href":"https:\/\/api.w.org\/{rel}","templated":true}]}}