{"id":3577,"date":"2024-08-27T20:46:59","date_gmt":"2024-08-27T23:46:59","guid":{"rendered":"https:\/\/noticiasregionais.com.br\/?p=3577"},"modified":"2024-08-27T20:47:03","modified_gmt":"2024-08-27T23:47:03","slug":"prf-apreende-mais-de-200-kg-de-maconha-em-perseguicao-na-br-369","status":"publish","type":"post","link":"https:\/\/noticiasregionais.com.br\/?p=3577","title":{"rendered":"PRF apreende mais de 200 kg de maconha em persegui\u00e7\u00e3o na BR 369"},"content":{"rendered":"\n<p>Na tarde de segunda-feira, 26 de agosto de 2024, uma opera\u00e7\u00e3o da Pol\u00edcia Rodovi\u00e1ria Federal (PRF) resultou na apreens\u00e3o de 211,7 kg de maconha ap\u00f3s uma persegui\u00e7\u00e3o que se estendeu por diversas rodovias entre o Paran\u00e1 e S\u00e3o Paulo. O incidente come\u00e7ou por volta das 12h40, quando equipes da PRF fiscalizavam na BR 369, no quil\u00f4metro 1, e deram ordem de parada a um ve\u00edculo VW Nivus. O motorista, no entanto, desobedeceu ao sinal e iniciou uma fuga em alta velocidade.<\/p>\n\n\n\n<p>A persegui\u00e7\u00e3o t\u00e1tica seguiu pela BR 153 e posteriormente pela SP 278. No quil\u00f4metro 378,500 da SP 278, o condutor perdeu o controle do ve\u00edculo, que saiu da pista, colidiu com um barranco e tombou. Mesmo ap\u00f3s o acidente, o motorista tentou fugir a p\u00e9, mas percorreu apenas alguns metros antes de cair ao ch\u00e3o, reclamando de dores pelo corpo.<\/p>\n\n\n\n<p>O Corpo de Bombeiros foi acionado e prestou os primeiros socorros ao condutor, que foi encaminhado \u00e0 Unidade de Pronto Atendimento (UPA) de Ourinhos-SP para avalia\u00e7\u00e3o m\u00e9dica. Durante o atendimento, o motorista revelou que havia pego o ve\u00edculo em um posto de combust\u00edvel na cidade de Cascavel\/PR e que o destino final seria Ourinhos-SP.<\/p>\n\n\n\n<p>Ao investigar o ve\u00edculo, os policiais constataram que o chassi, as placas e o Certificado de Registro e Licenciamento de Ve\u00edculo (CRLV) estavam adulterados, e que o autom\u00f3vel era produto de furto. Dentro do carro, foram encontrados 289 tijolos de maconha, totalizando 211,713 kg, al\u00e9m de duas placas veiculares falsificadas e um CRLV falso.<\/p>\n\n\n\n<p>Ap\u00f3s receber alta m\u00e9dica, o condutor foi levado \u00e0 Delegacia de Investiga\u00e7\u00f5es sobre Entorpecentes (DISE) de Ourinhos-SP, onde foi autuado em flagrante pelos crimes de tr\u00e1fico de drogas, recepta\u00e7\u00e3o, adultera\u00e7\u00e3o de sinal identificador de ve\u00edculo e uso de documento falso.<\/p>\n\n\n\n<p>A a\u00e7\u00e3o da PRF destacou a import\u00e2ncia das opera\u00e7\u00f5es de fiscaliza\u00e7\u00e3o e da coopera\u00e7\u00e3o entre diferentes for\u00e7as de seguran\u00e7a na luta contra o tr\u00e1fico de drogas e outros crimes correlatos.<\/p>\n\n\n<div class=\"wp-block-image\">\n<figure class=\"aligncenter size-large\"><img decoding=\"async\" width=\"576\" height=\"1024\" src=\"https:\/\/noticiasregionais.com.br\/wp-content\/uploads\/2024\/08\/WhatsApp-Image-2024-08-27-at-10.38.311-576x1024.jpeg\" alt=\"\" class=\"wp-image-3578\" srcset=\"https:\/\/noticiasregionais.com.br\/wp-content\/uploads\/2024\/08\/WhatsApp-Image-2024-08-27-at-10.38.311-576x1024.jpeg 576w, https:\/\/noticiasregionais.com.br\/wp-content\/uploads\/2024\/08\/WhatsApp-Image-2024-08-27-at-10.38.311-169x300.jpeg 169w, https:\/\/noticiasregionais.com.br\/wp-content\/uploads\/2024\/08\/WhatsApp-Image-2024-08-27-at-10.38.311-768x1366.jpeg 768w, https:\/\/noticiasregionais.com.br\/wp-content\/uploads\/2024\/08\/WhatsApp-Image-2024-08-27-at-10.38.311-864x1536.jpeg 864w, https:\/\/noticiasregionais.com.br\/wp-content\/uploads\/2024\/08\/WhatsApp-Image-2024-08-27-at-10.38.311.jpeg 899w\" sizes=\"(max-width: 576px) 100vw, 576px\" \/><\/figure>\n<\/div><input type=\"hidden\" id=\"baseurl\" value=\"https:\/\/noticiasregionais.com.br\"><input type=\"hidden\" id=\"audio_nonce\" value=\"533fbb67b1\">","protected":false},"excerpt":{"rendered":"<p>Na tarde de segunda-feira, 26 de agosto de 2024, uma opera\u00e7\u00e3o da Pol\u00edcia Rodovi\u00e1ria Federal (PRF) resultou na apreens\u00e3o de&hellip;<\/p>\n","protected":false},"author":1,"featured_media":3579,"comment_status":"closed","ping_status":"open","sticky":false,"template":"","format":"standard","meta":{"sfsi_plus_gutenberg_text_before_share":"","sfsi_plus_gutenberg_show_text_before_share":"","sfsi_plus_gutenberg_icon_type":"","sfsi_plus_gutenberg_icon_alignemt":"","sfsi_plus_gutenburg_max_per_row":"","footnotes":""},"categories":[7,10,1],"tags":[],"class_list":["post-3577","post","type-post","status-publish","format-standard","has-post-thumbnail","hentry","category-parana","category-destaques","category-noticias"],"_links":{"self":[{"href":"https:\/\/noticiasregionais.com.br\/index.php?rest_route=\/wp\/v2\/posts\/3577","targetHints":{"allow":["GET"]}}],"collection":[{"href":"https:\/\/noticiasregionais.com.br\/index.php?rest_route=\/wp\/v2\/posts"}],"about":[{"href":"https:\/\/noticiasregionais.com.br\/index.php?rest_route=\/wp\/v2\/types\/post"}],"author":[{"embeddable":true,"href":"https:\/\/noticiasregionais.com.br\/index.php?rest_route=\/wp\/v2\/users\/1"}],"replies":[{"embeddable":true,"href":"https:\/\/noticiasregionais.com.br\/index.php?rest_route=%2Fwp%2Fv2%2Fcomments&post=3577"}],"version-history":[{"count":1,"href":"https:\/\/noticiasregionais.com.br\/index.php?rest_route=\/wp\/v2\/posts\/3577\/revisions"}],"predecessor-version":[{"id":3580,"href":"https:\/\/noticiasregionais.com.br\/index.php?rest_route=\/wp\/v2\/posts\/3577\/revisions\/3580"}],"wp:featuredmedia":[{"embeddable":true,"href":"https:\/\/noticiasregionais.com.br\/index.php?rest_route=\/wp\/v2\/media\/3579"}],"wp:attachment":[{"href":"https:\/\/noticiasregionais.com.br\/index.php?rest_route=%2Fwp%2Fv2%2Fmedia&parent=3577"}],"wp:term":[{"taxonomy":"category","embeddable":true,"href":"https:\/\/noticiasregionais.com.br\/index.php?rest_route=%2Fwp%2Fv2%2Fcategories&post=3577"},{"taxonomy":"post_tag","embeddable":true,"href":"https:\/\/noticiasregionais.com.br\/index.php?rest_route=%2Fwp%2Fv2%2Ftags&post=3577"}],"curies":[{"name":"wp","href":"https:\/\/api.w.org\/{rel}","templated":true}]}}