{"id":3581,"date":"2024-08-27T20:52:54","date_gmt":"2024-08-27T23:52:54","guid":{"rendered":"https:\/\/noticiasregionais.com.br\/?p=3581"},"modified":"2024-08-27T20:53:06","modified_gmt":"2024-08-27T23:53:06","slug":"prf-apreende-veiculo-carregado-com-88-kg-de-maconha-em-cambe","status":"publish","type":"post","link":"https:\/\/noticiasregionais.com.br\/?p=3581","title":{"rendered":"PRF apreende ve\u00edculo carregado com 88 kg de maconha em Camb\u00e9"},"content":{"rendered":"\n<p>Na manh\u00e3 desta ter\u00e7a-feira (27), a Pol\u00edcia Rodovi\u00e1ria Federal (PRF) realizou uma importante apreens\u00e3o de drogas na BR 369, em Camb\u00e9\/PR. A a\u00e7\u00e3o ocorreu ap\u00f3s a equipe receber uma den\u00fancia e localizar um ve\u00edculo Ford Ka preto que estava parado no acostamento.<\/p>\n\n\n\n<p>Ao perceber a aproxima\u00e7\u00e3o dos policiais, o condutor tentou retomar a viagem, mas foi prontamente abordado pela equipe da PRF. Durante a inspe\u00e7\u00e3o no interior do carro, os agentes encontraram diversos fardos de maconha, totalizando 88 kg da droga.<\/p>\n\n\n\n<p>O motorista, um jovem de 19 anos, confessou que estava transportando a droga para a cidade de Guarulhos\/SP. Al\u00e9m disso, ao verificar a documenta\u00e7\u00e3o do ve\u00edculo, os policiais descobriram que se tratava de um clone. O carro tinha uma ocorr\u00eancia de roubo registrada em S\u00e3o Paulo\/SP no m\u00eas de junho deste ano.<\/p>\n\n\n\n<p>Diante das evid\u00eancias, o condutor foi preso em flagrante e conduzido \u00e0 Delegacia de Camb\u00e9, onde responder\u00e1 pelos crimes de tr\u00e1fico de drogas e recepta\u00e7\u00e3o de ve\u00edculo roubado. A apreens\u00e3o destaca a efic\u00e1cia das opera\u00e7\u00f5es de fiscaliza\u00e7\u00e3o da PRF na regi\u00e3o, contribuindo para o combate ao tr\u00e1fico de entorpecentes e \u00e0 criminalidade.<\/p>\n<input type=\"hidden\" id=\"baseurl\" value=\"https:\/\/noticiasregionais.com.br\"><input type=\"hidden\" id=\"audio_nonce\" value=\"533fbb67b1\">","protected":false},"excerpt":{"rendered":"<p>Na manh\u00e3 desta ter\u00e7a-feira (27), a Pol\u00edcia Rodovi\u00e1ria Federal (PRF) realizou uma importante apreens\u00e3o de drogas na BR 369, em&hellip;<\/p>\n","protected":false},"author":1,"featured_media":3582,"comment_status":"closed","ping_status":"open","sticky":false,"template":"","format":"standard","meta":{"sfsi_plus_gutenberg_text_before_share":"","sfsi_plus_gutenberg_show_text_before_share":"","sfsi_plus_gutenberg_icon_type":"","sfsi_plus_gutenberg_icon_alignemt":"","sfsi_plus_gutenburg_max_per_row":"","footnotes":""},"categories":[7,10,1],"tags":[],"class_list":["post-3581","post","type-post","status-publish","format-standard","has-post-thumbnail","hentry","category-parana","category-destaques","category-noticias"],"_links":{"self":[{"href":"https:\/\/noticiasregionais.com.br\/index.php?rest_route=\/wp\/v2\/posts\/3581","targetHints":{"allow":["GET"]}}],"collection":[{"href":"https:\/\/noticiasregionais.com.br\/index.php?rest_route=\/wp\/v2\/posts"}],"about":[{"href":"https:\/\/noticiasregionais.com.br\/index.php?rest_route=\/wp\/v2\/types\/post"}],"author":[{"embeddable":true,"href":"https:\/\/noticiasregionais.com.br\/index.php?rest_route=\/wp\/v2\/users\/1"}],"replies":[{"embeddable":true,"href":"https:\/\/noticiasregionais.com.br\/index.php?rest_route=%2Fwp%2Fv2%2Fcomments&post=3581"}],"version-history":[{"count":1,"href":"https:\/\/noticiasregionais.com.br\/index.php?rest_route=\/wp\/v2\/posts\/3581\/revisions"}],"predecessor-version":[{"id":3583,"href":"https:\/\/noticiasregionais.com.br\/index.php?rest_route=\/wp\/v2\/posts\/3581\/revisions\/3583"}],"wp:featuredmedia":[{"embeddable":true,"href":"https:\/\/noticiasregionais.com.br\/index.php?rest_route=\/wp\/v2\/media\/3582"}],"wp:attachment":[{"href":"https:\/\/noticiasregionais.com.br\/index.php?rest_route=%2Fwp%2Fv2%2Fmedia&parent=3581"}],"wp:term":[{"taxonomy":"category","embeddable":true,"href":"https:\/\/noticiasregionais.com.br\/index.php?rest_route=%2Fwp%2Fv2%2Fcategories&post=3581"},{"taxonomy":"post_tag","embeddable":true,"href":"https:\/\/noticiasregionais.com.br\/index.php?rest_route=%2Fwp%2Fv2%2Ftags&post=3581"}],"curies":[{"name":"wp","href":"https:\/\/api.w.org\/{rel}","templated":true}]}}