{"id":3598,"date":"2024-10-07T09:49:45","date_gmt":"2024-10-07T12:49:45","guid":{"rendered":"https:\/\/noticiasregionais.com.br\/?p=3598"},"modified":"2024-10-07T09:49:56","modified_gmt":"2024-10-07T12:49:56","slug":"prf-descobre-carga-de-240-kg-de-maconha-em-carro-funerario","status":"publish","type":"post","link":"https:\/\/noticiasregionais.com.br\/?p=3598","title":{"rendered":"PRF descobre carga de 240 kg de maconha em carro funer\u00e1rio"},"content":{"rendered":"\n<p class=\"has-text-align-center\"><strong>Motorista saiu de Umuarama com destino a capital paulista<\/strong><\/p>\n\n\n\n<p>Uma equipe da PRF prendeu um motorista de 43 anos na manh\u00e3 deste s\u00e1bado (5\/10) ap\u00f3s descobrir que ele transportava 240,610 quilos de maconha escondidos em um carro f\u00fanebre de uma empresa com sede em Porto Amazonas, no Paran\u00e1. Ele vinha de Umuarama, que fica a cerca de 115 km da divisa com o Paraguai, e iria para a capital de S\u00e3o Paulo, onde buscaria o corpo de uma pessoa falecida naquela cidade.<br>O flagrante ocorreu \u00e0s 9h30, no km 346 da rodovia Transbrasiliana (BR-153) quando os policiais rodovi\u00e1rios federais deram ordem de parada ao motorista de um rabec\u00e3o montado em um VW Saveiro. Ap\u00f3s uma conversa inicial com o condutor, os policiais perceberam sinais anormais de altera\u00e7\u00e3o do ve\u00edculo e realizaram uma fiscaliza\u00e7\u00e3o minuciosa, descobriram que alguns espa\u00e7os foram criados nas laterais do carro e l\u00e1 foram encontrados 320 tijolos de maconha. <br>O homem preso confessou que sabia do conte\u00fado escondido, mas n\u00e3o disse onde e como o carro foi preparado, tampouco a quem entregaria. Disse apenas que receberia sobre o ponto de entrega quando chegasse na capital. Ele foi preso e levado para a Pol\u00edcia Civil em Ourinhos pelo crime de tr\u00e1fico de drogas, conforme o Art. 33 da Lei Antidrogas (lei federal 11.343\/2006), o qual tem pena prevista de at\u00e9 15 anos de reclus\u00e3o.<\/p>\n<input type=\"hidden\" id=\"baseurl\" value=\"https:\/\/noticiasregionais.com.br\"><input type=\"hidden\" id=\"audio_nonce\" value=\"533fbb67b1\">","protected":false},"excerpt":{"rendered":"<p>Motorista saiu de Umuarama com destino a capital paulista Uma equipe da PRF prendeu um motorista de 43 anos na&hellip;<\/p>\n","protected":false},"author":1,"featured_media":3599,"comment_status":"closed","ping_status":"open","sticky":false,"template":"","format":"standard","meta":{"sfsi_plus_gutenberg_text_before_share":"","sfsi_plus_gutenberg_show_text_before_share":"","sfsi_plus_gutenberg_icon_type":"","sfsi_plus_gutenberg_icon_alignemt":"","sfsi_plus_gutenburg_max_per_row":"","footnotes":""},"categories":[5,10,1],"tags":[],"class_list":["post-3598","post","type-post","status-publish","format-standard","has-post-thumbnail","hentry","category-ourinhos","category-destaques","category-noticias"],"_links":{"self":[{"href":"https:\/\/noticiasregionais.com.br\/index.php?rest_route=\/wp\/v2\/posts\/3598","targetHints":{"allow":["GET"]}}],"collection":[{"href":"https:\/\/noticiasregionais.com.br\/index.php?rest_route=\/wp\/v2\/posts"}],"about":[{"href":"https:\/\/noticiasregionais.com.br\/index.php?rest_route=\/wp\/v2\/types\/post"}],"author":[{"embeddable":true,"href":"https:\/\/noticiasregionais.com.br\/index.php?rest_route=\/wp\/v2\/users\/1"}],"replies":[{"embeddable":true,"href":"https:\/\/noticiasregionais.com.br\/index.php?rest_route=%2Fwp%2Fv2%2Fcomments&post=3598"}],"version-history":[{"count":1,"href":"https:\/\/noticiasregionais.com.br\/index.php?rest_route=\/wp\/v2\/posts\/3598\/revisions"}],"predecessor-version":[{"id":3600,"href":"https:\/\/noticiasregionais.com.br\/index.php?rest_route=\/wp\/v2\/posts\/3598\/revisions\/3600"}],"wp:featuredmedia":[{"embeddable":true,"href":"https:\/\/noticiasregionais.com.br\/index.php?rest_route=\/wp\/v2\/media\/3599"}],"wp:attachment":[{"href":"https:\/\/noticiasregionais.com.br\/index.php?rest_route=%2Fwp%2Fv2%2Fmedia&parent=3598"}],"wp:term":[{"taxonomy":"category","embeddable":true,"href":"https:\/\/noticiasregionais.com.br\/index.php?rest_route=%2Fwp%2Fv2%2Fcategories&post=3598"},{"taxonomy":"post_tag","embeddable":true,"href":"https:\/\/noticiasregionais.com.br\/index.php?rest_route=%2Fwp%2Fv2%2Ftags&post=3598"}],"curies":[{"name":"wp","href":"https:\/\/api.w.org\/{rel}","templated":true}]}}