{"id":3601,"date":"2024-10-07T09:52:00","date_gmt":"2024-10-07T12:52:00","guid":{"rendered":"https:\/\/noticiasregionais.com.br\/?p=3601"},"modified":"2024-10-07T09:52:11","modified_gmt":"2024-10-07T12:52:11","slug":"arthur-lira-convoca-sessao-na-camara-com-projetos-que-impactam-bets-e-decisoes-do-stf","status":"publish","type":"post","link":"https:\/\/noticiasregionais.com.br\/?p=3601","title":{"rendered":"Arthur Lira convoca sess\u00e3o na C\u00e2mara com projetos que impactam &#8216;bets&#8217; e decis\u00f5es do STF"},"content":{"rendered":"\n<p class=\"has-text-align-center\"><strong>Em meio \u00e0s propostas, uma das mais evidentes \u00e9 a que pro\u00edbe benefici\u00e1rios de programas sociais de utilizarem os recursos recebidos em apostas online<\/strong><\/p>\n\n\n\n<p>O presidente da C\u00e2mara dos Deputados, Arthur Lira (PP-AL), convocou sess\u00e3o no plen\u00e1rio da Casa para esta ter\u00e7a-feira (8). \u00c9 a primeira reuni\u00e3o nesse \u00e2mbito ap\u00f3s o primeiro turno das elei\u00e7\u00f5es municipais, que ocorreu nesse domingo (6).<\/p>\n\n\n\n<p>Entre as pautas, um dos destaques \u00e9 a regulamenta\u00e7\u00e3o dos jogos e apostas online, mais conhecidas como bets. De acordo com informa\u00e7\u00f5es divulgadas pelo Portal R7, Lira e o presidente do Senado, Rodrigo Pacheco (PSD-MG), pediram que suas respectivas assessorias fizessem um levantamento dos projetos que tratam do tema.<\/p>\n\n\n\n<p>Em meio a essas propostas, uma das mais evidentes \u00e9 a que pro\u00edbe benefici\u00e1rios de programas sociais de utilizarem os recursos recebidos em bets e obrigam as empresas a moverem a\u00e7\u00f5es contra o v\u00edcio nas apostas.<\/p>\n\n\n\n<p><a href=\"https:\/\/brasil61.com\/n\/fpm-regulamentacao-da-reforma-tributaria-pode-impactar-nos-repasses-aos-municipios-bras2412730\" target=\"_blank\" rel=\"noreferrer noopener\">FPM: regulamenta\u00e7\u00e3o da reforma tribut\u00e1ria pode impactar nos repasses aos munic\u00edpios?<\/a><\/p>\n\n\n\n<p><a href=\"https:\/\/brasil61.com\/n\/eleicoes-2024-entenda-a-funcao-do-prefeito-bras2412754\" target=\"_blank\" rel=\"noreferrer noopener\">Elei\u00e7\u00f5es 2024: entenda a fun\u00e7\u00e3o do prefeito<\/a><\/p>\n\n\n\n<p>Outras pautas que est\u00e3o no radar de Lira, segundo o portal, s\u00e3o as que impactam o Supremo Tribunal Federal (STF), principalmente depois da insatisfa\u00e7\u00e3o do presidente da Casa com a decis\u00e3o da Suprema Corte de restringir as emendas parlamentares &#8211; sobretudo as chamadas \u201cemendas pix\u201d &#8211; em meio \u00e0 corrida eleitoral.<\/p>\n\n\n\n<p>Um dos projetos \u00e9 o que limita decis\u00f5es monocr\u00e1ticas de ministros do STF. Outro em destaque \u00e9 o&nbsp;que indica que o Congresso Nacional poder\u00e1 derrubar decis\u00f5es da Suprema Corte.<br>&nbsp;<\/p>\n\n\n\n<p>Fonte: <a href=\"https:\/\/brasil61.com\/n\/arthur-lira-convoca-sessao-na-camara-com-projetos-que-impactam-bets-e-decisoes-do-stf-bras2412762\" target=\"_blank\" rel=\"noreferrer noopener\">Brasil 61<\/a><\/p>\n<input type=\"hidden\" id=\"baseurl\" value=\"https:\/\/noticiasregionais.com.br\"><input type=\"hidden\" id=\"audio_nonce\" value=\"533fbb67b1\">","protected":false},"excerpt":{"rendered":"<p>Em meio \u00e0s propostas, uma das mais evidentes \u00e9 a que pro\u00edbe benefici\u00e1rios de programas sociais de utilizarem os recursos&hellip;<\/p>\n","protected":false},"author":1,"featured_media":3602,"comment_status":"closed","ping_status":"open","sticky":false,"template":"","format":"standard","meta":{"sfsi_plus_gutenberg_text_before_share":"","sfsi_plus_gutenberg_show_text_before_share":"","sfsi_plus_gutenberg_icon_type":"","sfsi_plus_gutenberg_icon_alignemt":"","sfsi_plus_gutenburg_max_per_row":"","footnotes":""},"categories":[10,8,1],"tags":[],"class_list":["post-3601","post","type-post","status-publish","format-standard","has-post-thumbnail","hentry","category-destaques","category-brasil","category-noticias"],"_links":{"self":[{"href":"https:\/\/noticiasregionais.com.br\/index.php?rest_route=\/wp\/v2\/posts\/3601","targetHints":{"allow":["GET"]}}],"collection":[{"href":"https:\/\/noticiasregionais.com.br\/index.php?rest_route=\/wp\/v2\/posts"}],"about":[{"href":"https:\/\/noticiasregionais.com.br\/index.php?rest_route=\/wp\/v2\/types\/post"}],"author":[{"embeddable":true,"href":"https:\/\/noticiasregionais.com.br\/index.php?rest_route=\/wp\/v2\/users\/1"}],"replies":[{"embeddable":true,"href":"https:\/\/noticiasregionais.com.br\/index.php?rest_route=%2Fwp%2Fv2%2Fcomments&post=3601"}],"version-history":[{"count":1,"href":"https:\/\/noticiasregionais.com.br\/index.php?rest_route=\/wp\/v2\/posts\/3601\/revisions"}],"predecessor-version":[{"id":3603,"href":"https:\/\/noticiasregionais.com.br\/index.php?rest_route=\/wp\/v2\/posts\/3601\/revisions\/3603"}],"wp:featuredmedia":[{"embeddable":true,"href":"https:\/\/noticiasregionais.com.br\/index.php?rest_route=\/wp\/v2\/media\/3602"}],"wp:attachment":[{"href":"https:\/\/noticiasregionais.com.br\/index.php?rest_route=%2Fwp%2Fv2%2Fmedia&parent=3601"}],"wp:term":[{"taxonomy":"category","embeddable":true,"href":"https:\/\/noticiasregionais.com.br\/index.php?rest_route=%2Fwp%2Fv2%2Fcategories&post=3601"},{"taxonomy":"post_tag","embeddable":true,"href":"https:\/\/noticiasregionais.com.br\/index.php?rest_route=%2Fwp%2Fv2%2Ftags&post=3601"}],"curies":[{"name":"wp","href":"https:\/\/api.w.org\/{rel}","templated":true}]}}