{"id":3604,"date":"2024-10-07T09:59:09","date_gmt":"2024-10-07T12:59:09","guid":{"rendered":"https:\/\/noticiasregionais.com.br\/?p=3604"},"modified":"2024-10-07T09:59:21","modified_gmt":"2024-10-07T12:59:21","slug":"pocay-e-hostilizado-pela-populacao-nos-locais-de-votacao-e-guilherme-e-eleito-com-27-721-votos-em-ourinhos","status":"publish","type":"post","link":"https:\/\/noticiasregionais.com.br\/?p=3604","title":{"rendered":"Pocay \u00e9 hostilizado pela popula\u00e7\u00e3o nos locais de vota\u00e7\u00e3o e Guilherme \u00e9 eleito com 27.721 votos em Ourinhos"},"content":{"rendered":"\n<p class=\"has-text-align-center\"><strong>M\u00e1rio Ferreira, com 5,86%, surpreende ao obter mais que o dobro dos votos de Toninho do PT, que ficou em \u00faltimo lugar e recebeu mais de 260 mil reais para a campanha.<\/strong><\/p>\n\n\n\n<p>O pleito eleitoral na cidade de Ourinhos teve o desfecho esperado, como j\u00e1 previsto por muitos analistas pol\u00edticos. Com apoio em bairros elitizados e ampla rejei\u00e7\u00e3o na periferia, o candidato do prefeito Lucas Pocay, Caio Lima, somou 41,98% dos votos v\u00e1lidos. Guilherme Gon\u00e7alves, de 33 anos, \u00e9 natural de Ourinhos, onde atuou como gari e coletor de lixo. Decidiu entrar na pol\u00edtica e foi eleito vereador. Seu vice, Alexandre Z\u00f3io, \u00e9 advogado e ex-vereador, tamb\u00e9m de Ourinhos, tendo sido eleito pela primeira vez em 2012 e reeleito em 2016, sendo o mais votado naquela ocasi\u00e3o.<\/p>\n\n\n\n<p>Desde 2023, Caio vinha sendo amplamente divulgado nas redes sociais da prefeitura, participando de solenidades ao lado de Lucas Pocay, sendo promovido de forma question\u00e1vel. No entanto, isso n\u00e3o foi suficiente, e Guilherme Gon\u00e7alves, do partido PODEMOS, mais uma vez representou o voto de rejei\u00e7\u00e3o \u00e0 administra\u00e7\u00e3o de Pocay. Em 2022, Guilherme j\u00e1 havia sido o voto de oposi\u00e7\u00e3o, conseguindo mais de 20 mil votos em Ourinhos contra os candidatos a deputado apoiados por Lucas Pocay.<\/p>\n\n\n\n<p>Durante o dia da elei\u00e7\u00e3o, foram recebidos relatos, atrav\u00e9s das redes sociais, de hostilidades da popula\u00e7\u00e3o contra a comitiva do atual prefeito, que visitou locais de vota\u00e7\u00e3o escoltado pela Pol\u00edcia Militar e Guarda Civil Municipal, acompanhado pelo procurador do munic\u00edpio e advogados partid\u00e1rios. Dois locais de vota\u00e7\u00e3o se destacaram como mais tensos: a escola Nilse de Freitas e o CAIC, onde servidores da extinta SAE engrossaram o coro de cr\u00edticas contra Pocay, revoltados e xingando em voz alta, junto \u00e0 popula\u00e7\u00e3o.<\/p>\n\n\n\n<p>Com centenas de obras iniciadas \u00e0s v\u00e9speras da elei\u00e7\u00e3o, d\u00fazias de contratos sem licita\u00e7\u00e3o e um total de empr\u00e9stimos que podem chegar \u00e0 casa de 1 bilh\u00e3o de reais, Pocay agora enfrenta a \u00e1rdua miss\u00e3o de evitar a inelegibilidade, para que possa almejar uma indica\u00e7\u00e3o ao t\u00e3o sonhado cargo de deputado. J\u00e1 se fala em auditoria externa e outras medidas de precau\u00e7\u00e3o para que os gastos feitos pela atual administra\u00e7\u00e3o sejam transparentes e n\u00e3o prejudiquem a pr\u00f3xima gest\u00e3o.<\/p>\n\n\n\n<p>Uma das grandes surpresas do pleito foi a terceira coloca\u00e7\u00e3o de M\u00e1rio Ferreira. O bi\u00f3logo, empres\u00e1rio e candidato pela Federa\u00e7\u00e3o Rede\/PSOL, mesmo com o menor gasto de campanha (inferior a 46 mil reais), obteve mais que o dobro dos votos de Toninho do PT, \u00faltimo colocado, que recebeu mais de 260 mil votos. M\u00e1rio realizou uma campanha diferenciada, visitando empresas, caminhando pelos bairros e organizando dezenas de mini-com\u00edcios, onde p\u00f4de falar diretamente com a popula\u00e7\u00e3o.<\/p>\n\n\n\n<p>Para a pr\u00f3xima legislatura, foram eleitos: Celinho Cabeleireiro (1.544 votos), Enfermeiro Alexandre (1.543 votos), Gil Carvalho (1.497 votos), Furna Beco da Bola (1.445 votos), Santiago (1.212 votos), Borj\u00e3o (1.201 votos), C\u00edcero Investigador (1.250 votos), \u00c9der Mota (1.094 votos), Vadinho (1.093 votos), Anisio Felicetti (1.074 votos), Raquel Spada (925 votos), Kita (920 votos), Jo\u00e3o Gon\u00e7alves (909 votos), Sargento S\u00e9rgio (897 votos) e Wesley Carlos (859 votos).<\/p>\n<input type=\"hidden\" id=\"baseurl\" value=\"https:\/\/noticiasregionais.com.br\"><input type=\"hidden\" id=\"audio_nonce\" value=\"533fbb67b1\">","protected":false},"excerpt":{"rendered":"<p>M\u00e1rio Ferreira, com 5,86%, surpreende ao obter mais que o dobro dos votos de Toninho do PT, que ficou em&hellip;<\/p>\n","protected":false},"author":1,"featured_media":3605,"comment_status":"closed","ping_status":"open","sticky":false,"template":"","format":"standard","meta":{"sfsi_plus_gutenberg_text_before_share":"","sfsi_plus_gutenberg_show_text_before_share":"","sfsi_plus_gutenberg_icon_type":"","sfsi_plus_gutenberg_icon_alignemt":"","sfsi_plus_gutenburg_max_per_row":"","footnotes":""},"categories":[5,12,1],"tags":[],"class_list":["post-3604","post","type-post","status-publish","format-standard","has-post-thumbnail","hentry","category-ourinhos","category-capa","category-noticias"],"_links":{"self":[{"href":"https:\/\/noticiasregionais.com.br\/index.php?rest_route=\/wp\/v2\/posts\/3604","targetHints":{"allow":["GET"]}}],"collection":[{"href":"https:\/\/noticiasregionais.com.br\/index.php?rest_route=\/wp\/v2\/posts"}],"about":[{"href":"https:\/\/noticiasregionais.com.br\/index.php?rest_route=\/wp\/v2\/types\/post"}],"author":[{"embeddable":true,"href":"https:\/\/noticiasregionais.com.br\/index.php?rest_route=\/wp\/v2\/users\/1"}],"replies":[{"embeddable":true,"href":"https:\/\/noticiasregionais.com.br\/index.php?rest_route=%2Fwp%2Fv2%2Fcomments&post=3604"}],"version-history":[{"count":1,"href":"https:\/\/noticiasregionais.com.br\/index.php?rest_route=\/wp\/v2\/posts\/3604\/revisions"}],"predecessor-version":[{"id":3606,"href":"https:\/\/noticiasregionais.com.br\/index.php?rest_route=\/wp\/v2\/posts\/3604\/revisions\/3606"}],"wp:featuredmedia":[{"embeddable":true,"href":"https:\/\/noticiasregionais.com.br\/index.php?rest_route=\/wp\/v2\/media\/3605"}],"wp:attachment":[{"href":"https:\/\/noticiasregionais.com.br\/index.php?rest_route=%2Fwp%2Fv2%2Fmedia&parent=3604"}],"wp:term":[{"taxonomy":"category","embeddable":true,"href":"https:\/\/noticiasregionais.com.br\/index.php?rest_route=%2Fwp%2Fv2%2Fcategories&post=3604"},{"taxonomy":"post_tag","embeddable":true,"href":"https:\/\/noticiasregionais.com.br\/index.php?rest_route=%2Fwp%2Fv2%2Ftags&post=3604"}],"curies":[{"name":"wp","href":"https:\/\/api.w.org\/{rel}","templated":true}]}}