{"id":3607,"date":"2024-10-08T07:33:03","date_gmt":"2024-10-08T10:33:03","guid":{"rendered":"https:\/\/noticiasregionais.com.br\/?p=3607"},"modified":"2024-10-08T07:33:06","modified_gmt":"2024-10-08T10:33:06","slug":"eleicoes-2024-psd-e-o-partido-que-mais-elegeu-prefeitos","status":"publish","type":"post","link":"https:\/\/noticiasregionais.com.br\/?p=3607","title":{"rendered":"Elei\u00e7\u00f5es 2024: PSD \u00e9 o partido que mais elegeu prefeitos"},"content":{"rendered":"\n<p class=\"has-text-align-center\"><strong>Os partidos de centro seguem \u00e0 frente nas prefeituras. MDB perde a lideran\u00e7a, mas mant\u00e9m for\u00e7a. PT elege menos prefeitos que PL e Republicanos<\/strong><\/p>\n\n\n\n<p>Depois de 30 anos liderando as prefeituras brasileiras, o MBD perdeu espa\u00e7o para o PSD. O partido de centro garantiu 888 prefeituras em primeiro turno, um aumento em rela\u00e7\u00e3o a 2020, quando 659 munic\u00edpios eram geridos por prefeitos da legenda.<\/p>\n\n\n\n<p>Os dados do Tribunal Superior eleitoral mostram ainda que, mesmo perdendo a lideran\u00e7a no n\u00famero de prefeituras conquistadas, o MDB cresceu em rela\u00e7\u00e3o ao \u00faltimo pleito, passando de 790 para 865 prefeitos eleitos. E garantindo o segundo lugar entre as legendas.<\/p>\n\n\n\n<p>O PP ficou com o terceiro lugar entre os partidos que mais elegeram prefeitos em primeiro turno, alcan\u00e7ando 752 prefeituras e um aumento em rela\u00e7\u00e3o \u00e0s \u00faltimas elei\u00e7\u00f5es municipais, quando a legenda de centro-direita tinha alcan\u00e7ado 679 cidades.&nbsp;<br>&nbsp;<\/p>\n\n\n\n<figure class=\"wp-block-embed is-type-wp-embed is-provider-datawrapper wp-block-embed-datawrapper\"><div class=\"wp-block-embed__wrapper\">\n<iframe class=\"wp-embedded-content\" sandbox=\"allow-scripts\" security=\"restricted\" title=\"N\u00famero de prefeitos eleitos em 1\u00ba turno\" src=\"https:\/\/datawrapper.dwcdn.net\/AQQI2\/2\/#?secret=yADBWuMPCo\" data-secret=\"yADBWuMPCo\" scrolling=\"no\" frameborder=\"0\" height=\"492\"><\/iframe>\n<\/div><\/figure>\n\n\n\n<h2 class=\"wp-block-heading\">Centro domina<\/h2>\n\n\n\n<p>Os partidos que comp\u00f5em o Centr\u00e3o \u2014 PSD, MDB, PP e Uni\u00e3o Brasil \u2014 juntos, t\u00eam metade das prefeituras do Brasil. Segundo o TSE, foram mais de 3 mil prefeituras conquistadas em primeiro turno. Entre elas, as capitais:&nbsp;<\/p>\n\n\n\n<ul class=\"wp-block-list\">\n<li>Boa Vista (RR): Arthur Henrique (MDB)<\/li>\n\n\n\n<li>Florian\u00f3polis (SC): Top\u00e1zio Neto (PSD)<\/li>\n\n\n\n<li>Macap\u00e1 (AP): Dr. Furlan (MDB)<\/li>\n\n\n\n<li>Rio de Janeiro (RJ): Eduardo Paes (PSD)<\/li>\n\n\n\n<li>Salvador (BA): Bruno Reis (Uni\u00e3o Brasil)<\/li>\n\n\n\n<li>S\u00e3o Lu\u00eds (MA): Eduardo Braide (PSD)<\/li>\n\n\n\n<li>Teresina (PI): Silvio Mendes (Uni\u00e3o Brasil)<\/li>\n<\/ul>\n\n\n\n<p>N\u00fameros que podem aumentar ainda mais no resultado final das elei\u00e7\u00f5es, j\u00e1 que o centro tamb\u00e9m aparece forte na disputa pelo segundo turno.<\/p>\n\n\n\n<ul class=\"wp-block-list\">\n<li>Bel\u00e9m (PA): Igor (MDB) e Delegado Eder Mauro (PL)<\/li>\n\n\n\n<li>Belo Horizonte (MG): Bruno Engler (PL) e Fuad Noman (PSD)<\/li>\n\n\n\n<li>Campo Grande (MS): Adriane Lopes (PP) e Rose Modesto (Uni\u00e3o)<\/li>\n\n\n\n<li>Curitiba (PR): Eduardo Pimentel (PSD) e Cristina Graeml (PMB)<\/li>\n\n\n\n<li>Goi\u00e2nia (GO): Fred Rodrigues (PL) e Mabel (Uni\u00e3o)<\/li>\n\n\n\n<li>Jo\u00e3o Pessoa (PB): Cicero Lucena (PP) e Marcelo Queiroga (PL)<\/li>\n\n\n\n<li>Natal (RN): Paulinho Freire (Uni\u00e3o) e Nat\u00e1lia Bonavides (PT)<\/li>\n\n\n\n<li>Porto Alegre (RS): Sebasti\u00e3o Melo (MDB) e Maria do Ros\u00e1rio (PT)<\/li>\n\n\n\n<li>Porto Velho (RO): Mariana Carvalho (Uni\u00e3o) e L\u00e9o (Podemos)<\/li>\n\n\n\n<li>S\u00e3o Paulo (SP): Ricardo Nunes (MDB) e Guilherme Boulos (PSOL)\u00a0<\/li>\n<\/ul>\n\n\n\n<p>O PSol, que tem com Guilherme Boulos seu representante de maior destaque, disputando a prefeitura de S\u00e3o Paulo contra Ricardo Nunes (MDB), n\u00e3o elegeu nenhum prefeito em primeiro turno.&nbsp;<\/p>\n\n\n\n<p>Para o professor de Ci\u00eancia Pol\u00edtica, Andr\u00e9 Rosa, o resultado nas urnas no \u00e2mbito local \u00e9 uma pr\u00e9via do que podemos esperar para as elei\u00e7\u00f5es nacionais de 2026.<br>\u201cEu vejo que a centro-direita teve uma grande vantagem nessas elei\u00e7\u00f5es, a esquerda saiu enfraquecida e isso torna o cen\u00e1rio para uma candidatura presidencial mais forte para a centro-direita.\u201d&nbsp;<\/p>\n\n\n\n<h2 class=\"wp-block-heading\">Direita X Esquerda<\/h2>\n\n\n\n<p>Nos extremos, tamb\u00e9m houve incremento de ambos os lados. Enquanto o partido do presidente Lula (PT) ganhou pouco mais de 70 prefeituras com rela\u00e7\u00e3o a 2020 \u2014 passando de 179 para 253 este ano. O PL, do ex-presidente Jair Bolsonaro, teve crescimento mais expressivo \u2014 de 351 para 523 administra\u00e7\u00f5es este ano.<\/p>\n\n\n\n<p>\u201cA polariza\u00e7\u00e3o n\u00e3o perdeu for\u00e7a, nem foi \u00e0 regra\u201d, \u00e9 o que entende o cientista pol\u00edtico Eduardo Grin, quando avalia o n\u00famero de prefeitos reeleitos em primeiro turno.&nbsp;<\/p>\n\n\n\n<p>\u201cO que mostra que aquele prefeito que fez uma boa gest\u00e3o foi premiado. A\u00ed n\u00e3o tem polariza\u00e7\u00e3o, n\u00e3o importa quem quer que seja \u2013 aliado do Bolsonaro ou do Lula \u2014 o prefeito \u00e9 bom, fez uma boa gest\u00e3o, e a popula\u00e7\u00e3o prefere a seguran\u00e7a do que apostar em algu\u00e9m que ela n\u00e3o sabe se vai seguir entregando bons servi\u00e7os p\u00fablicos.\u201d<\/p>\n\n\n\n<p><strong>A disputa continua em segundo turno em duas capitais:&nbsp;<\/strong><\/p>\n\n\n\n<ul class=\"wp-block-list\">\n<li>Cuiab\u00e1 (MT): Ab\u00edlio (PL) e L\u00fadio (PT)<\/li>\n\n\n\n<li>Fortaleza (CE): Andr\u00e9 Fernandes (PL) e Evandro Leit\u00e3o (PT)<\/li>\n<\/ul>\n\n\n\n<p>Para Grin, a disputa nessas duas capitais, aliada \u00e0 briga pela prefeitura de S\u00e3o Paulo, mostra que a disputa entre campos pol\u00edticos opostos foi relevante e segue assim no segundo turno. &nbsp;<\/p>\n\n\n\n<p>\u201cSe a sociedade brasileira e a pol\u00edtica seguem polarizadas, isso se reflete na elei\u00e7\u00e3o municipal.\u201d&nbsp;<\/p>\n\n\n\n<h2 class=\"wp-block-heading\">Segundo turno<\/h2>\n\n\n\n<p>No pr\u00f3ximo dia 27, acontece o segundo turno em 52 cidades com mais de 200 mil eleitores que n\u00e3o elegeram prefeitos no \u00faltimo domingo (6). 15 dessas 52 cidades&nbsp; s\u00e3o capitais.<br>Para ser eleito no primeiro turno, um candidato precisa obter mais da metade dos votos v\u00e1lidos \u2014 ou seja, 50% mais um voto.<br>&nbsp;<\/p>\n\n\n\n<p>Fonte: <a href=\"https:\/\/brasil61.com\/n\/eleicoes-2024-psd-e-o-partido-que-mais-elegeu-prefeitos-bras2412776\" target=\"_blank\" rel=\"noreferrer noopener\">Brasil 61<\/a><\/p>\n<input type=\"hidden\" id=\"baseurl\" value=\"https:\/\/noticiasregionais.com.br\"><input type=\"hidden\" id=\"audio_nonce\" value=\"3cdc555a10\">","protected":false},"excerpt":{"rendered":"<p>Os partidos de centro seguem \u00e0 frente nas prefeituras. MDB perde a lideran\u00e7a, mas mant\u00e9m for\u00e7a. PT elege menos prefeitos&hellip;<\/p>\n","protected":false},"author":1,"featured_media":3609,"comment_status":"closed","ping_status":"open","sticky":false,"template":"","format":"standard","meta":{"sfsi_plus_gutenberg_text_before_share":"","sfsi_plus_gutenberg_show_text_before_share":"","sfsi_plus_gutenberg_icon_type":"","sfsi_plus_gutenberg_icon_alignemt":"","sfsi_plus_gutenburg_max_per_row":"","footnotes":""},"categories":[8,10,1],"tags":[],"class_list":["post-3607","post","type-post","status-publish","format-standard","has-post-thumbnail","hentry","category-brasil","category-destaques","category-noticias"],"_links":{"self":[{"href":"https:\/\/noticiasregionais.com.br\/index.php?rest_route=\/wp\/v2\/posts\/3607","targetHints":{"allow":["GET"]}}],"collection":[{"href":"https:\/\/noticiasregionais.com.br\/index.php?rest_route=\/wp\/v2\/posts"}],"about":[{"href":"https:\/\/noticiasregionais.com.br\/index.php?rest_route=\/wp\/v2\/types\/post"}],"author":[{"embeddable":true,"href":"https:\/\/noticiasregionais.com.br\/index.php?rest_route=\/wp\/v2\/users\/1"}],"replies":[{"embeddable":true,"href":"https:\/\/noticiasregionais.com.br\/index.php?rest_route=%2Fwp%2Fv2%2Fcomments&post=3607"}],"version-history":[{"count":1,"href":"https:\/\/noticiasregionais.com.br\/index.php?rest_route=\/wp\/v2\/posts\/3607\/revisions"}],"predecessor-version":[{"id":3610,"href":"https:\/\/noticiasregionais.com.br\/index.php?rest_route=\/wp\/v2\/posts\/3607\/revisions\/3610"}],"wp:featuredmedia":[{"embeddable":true,"href":"https:\/\/noticiasregionais.com.br\/index.php?rest_route=\/wp\/v2\/media\/3609"}],"wp:attachment":[{"href":"https:\/\/noticiasregionais.com.br\/index.php?rest_route=%2Fwp%2Fv2%2Fmedia&parent=3607"}],"wp:term":[{"taxonomy":"category","embeddable":true,"href":"https:\/\/noticiasregionais.com.br\/index.php?rest_route=%2Fwp%2Fv2%2Fcategories&post=3607"},{"taxonomy":"post_tag","embeddable":true,"href":"https:\/\/noticiasregionais.com.br\/index.php?rest_route=%2Fwp%2Fv2%2Ftags&post=3607"}],"curies":[{"name":"wp","href":"https:\/\/api.w.org\/{rel}","templated":true}]}}