{"id":3611,"date":"2024-10-08T07:52:39","date_gmt":"2024-10-08T10:52:39","guid":{"rendered":"https:\/\/noticiasregionais.com.br\/?p=3611"},"modified":"2024-10-08T07:52:43","modified_gmt":"2024-10-08T10:52:43","slug":"baep-prende-3-membros-do-pcc-com-arma-e-droga-durante-abordagem-a-veiculo-de-aplicativo","status":"publish","type":"post","link":"https:\/\/noticiasregionais.com.br\/?p=3611","title":{"rendered":"BAEP prende 3 membros do PCC com arma e droga, durante abordagem \u00e0 ve\u00edculo de aplicativo"},"content":{"rendered":"\n<p><strong>Santa Cruz do Rio Pardo, SP<\/strong> \u2013 A equipe K9 do 13\u00ba Batalh\u00e3o de A\u00e7\u00f5es Especiais de Pol\u00edcia (BAEP) prendeu, na tarde desta segunda-feira (07), tr\u00eas suspeitos de integrarem a fac\u00e7\u00e3o criminosa Primeiro Comando da Capital (PCC), em uma opera\u00e7\u00e3o que resultou na apreens\u00e3o de uma arma de fogo e drogas. A a\u00e7\u00e3o ocorreu por volta das 14h50, na Rua Angelo Carnavalle, no Bairro Esta\u00e7\u00e3o.<\/p>\n\n\n\n<p>Durante o patrulhamento especial na regi\u00e3o, os policiais avistaram um ve\u00edculo Chevrolet \u00c1gile, de cor preta, com v\u00e1rios ocupantes. Ao notar a presen\u00e7a policial, dois dos passageiros demonstraram comportamento suspeito, abaixando-se rapidamente. Diante disso, a equipe realizou a abordagem e revistou os ocupantes do carro, n\u00e3o encontrando, a princ\u00edpio, nenhum item il\u00edcito com eles.<\/p>\n\n\n\n<p>Entretanto, na busca veicular, foi encontrado um pacote de 250 gramas de maconha e uma pistola calibre .40, da marca Glock, com a numera\u00e7\u00e3o raspada. A arma estava carregada com 10 muni\u00e7\u00f5es intactas. Al\u00e9m disso, foram apreendidos diversos celulares.<\/p>\n\n\n\n<p>Os tr\u00eas detidos, identificados pelos apelidos de Bruxinha, Di Maria e Anjo da Noite, admitiram fazer parte do PCC. Eles foram presos em flagrante por crimes de organiza\u00e7\u00e3o criminosa, porte ilegal de arma de fogo de uso restrito, tr\u00e1fico de drogas e associa\u00e7\u00e3o para o tr\u00e1fico de drogas. Ap\u00f3s a deten\u00e7\u00e3o, os indiv\u00edduos foram levados \u00e0 Central de Pol\u00edcia Judici\u00e1ria (CPJ) de Santa Cruz do Rio Pardo, onde as pris\u00f5es foram confirmadas pela autoridade policial.<\/p>\n\n\n\n<p>A motorista do ve\u00edculo, que atuava como motorista de aplicativo, foi ouvida e liberada em seguida, enquanto os suspeitos foram recolhidos ao sistema prisional.<\/p>\n\n\n\n<figure class=\"wp-block-gallery has-nested-images columns-default is-cropped wp-block-gallery-1 is-layout-flex wp-block-gallery-is-layout-flex\">\n<figure class=\"wp-block-image size-large\"><img decoding=\"async\" width=\"768\" height=\"1024\" data-id=\"3612\" src=\"https:\/\/noticiasregionais.com.br\/wp-content\/uploads\/2024\/10\/WhatsApp-Image-2024-10-07-at-20.20.08-768x1024.jpeg\" alt=\"\" class=\"wp-image-3612\" srcset=\"https:\/\/noticiasregionais.com.br\/wp-content\/uploads\/2024\/10\/WhatsApp-Image-2024-10-07-at-20.20.08-768x1024.jpeg 768w, https:\/\/noticiasregionais.com.br\/wp-content\/uploads\/2024\/10\/WhatsApp-Image-2024-10-07-at-20.20.08-225x300.jpeg 225w, https:\/\/noticiasregionais.com.br\/wp-content\/uploads\/2024\/10\/WhatsApp-Image-2024-10-07-at-20.20.08-1152x1536.jpeg 1152w, https:\/\/noticiasregionais.com.br\/wp-content\/uploads\/2024\/10\/WhatsApp-Image-2024-10-07-at-20.20.08.jpeg 1200w\" sizes=\"(max-width: 768px) 100vw, 768px\" \/><\/figure>\n\n\n\n<figure class=\"wp-block-image size-large\"><img decoding=\"async\" width=\"1024\" height=\"714\" data-id=\"3614\" src=\"https:\/\/noticiasregionais.com.br\/wp-content\/uploads\/2024\/10\/WhatsApp-Image-2024-10-07-at-20.20.09-1024x714.jpeg\" alt=\"\" class=\"wp-image-3614\" srcset=\"https:\/\/noticiasregionais.com.br\/wp-content\/uploads\/2024\/10\/WhatsApp-Image-2024-10-07-at-20.20.09-1024x714.jpeg 1024w, https:\/\/noticiasregionais.com.br\/wp-content\/uploads\/2024\/10\/WhatsApp-Image-2024-10-07-at-20.20.09-300x209.jpeg 300w, https:\/\/noticiasregionais.com.br\/wp-content\/uploads\/2024\/10\/WhatsApp-Image-2024-10-07-at-20.20.09-768x536.jpeg 768w, https:\/\/noticiasregionais.com.br\/wp-content\/uploads\/2024\/10\/WhatsApp-Image-2024-10-07-at-20.20.09.jpeg 1500w\" sizes=\"(max-width: 1024px) 100vw, 1024px\" \/><\/figure>\n\n\n\n<figure class=\"wp-block-image size-large\"><img decoding=\"async\" width=\"877\" height=\"1024\" data-id=\"3613\" src=\"https:\/\/noticiasregionais.com.br\/wp-content\/uploads\/2024\/10\/WhatsApp-Image-2024-10-07-at-20.20.10-877x1024.jpeg\" alt=\"\" class=\"wp-image-3613\" srcset=\"https:\/\/noticiasregionais.com.br\/wp-content\/uploads\/2024\/10\/WhatsApp-Image-2024-10-07-at-20.20.10-877x1024.jpeg 877w, https:\/\/noticiasregionais.com.br\/wp-content\/uploads\/2024\/10\/WhatsApp-Image-2024-10-07-at-20.20.10-257x300.jpeg 257w, https:\/\/noticiasregionais.com.br\/wp-content\/uploads\/2024\/10\/WhatsApp-Image-2024-10-07-at-20.20.10-768x897.jpeg 768w, https:\/\/noticiasregionais.com.br\/wp-content\/uploads\/2024\/10\/WhatsApp-Image-2024-10-07-at-20.20.10-1315x1536.jpeg 1315w, https:\/\/noticiasregionais.com.br\/wp-content\/uploads\/2024\/10\/WhatsApp-Image-2024-10-07-at-20.20.10.jpeg 1369w\" sizes=\"(max-width: 877px) 100vw, 877px\" \/><\/figure>\n<\/figure>\n<input type=\"hidden\" id=\"baseurl\" value=\"https:\/\/noticiasregionais.com.br\"><input type=\"hidden\" id=\"audio_nonce\" value=\"533fbb67b1\">","protected":false},"excerpt":{"rendered":"<p>Santa Cruz do Rio Pardo, SP \u2013 A equipe K9 do 13\u00ba Batalh\u00e3o de A\u00e7\u00f5es Especiais de Pol\u00edcia (BAEP) prendeu,&hellip;<\/p>\n","protected":false},"author":1,"featured_media":3615,"comment_status":"closed","ping_status":"open","sticky":false,"template":"","format":"standard","meta":{"sfsi_plus_gutenberg_text_before_share":"","sfsi_plus_gutenberg_show_text_before_share":"","sfsi_plus_gutenberg_icon_type":"","sfsi_plus_gutenberg_icon_alignemt":"","sfsi_plus_gutenburg_max_per_row":"","footnotes":""},"categories":[6,10,1],"tags":[],"class_list":["post-3611","post","type-post","status-publish","format-standard","has-post-thumbnail","hentry","category-sao_paulo","category-destaques","category-noticias"],"_links":{"self":[{"href":"https:\/\/noticiasregionais.com.br\/index.php?rest_route=\/wp\/v2\/posts\/3611","targetHints":{"allow":["GET"]}}],"collection":[{"href":"https:\/\/noticiasregionais.com.br\/index.php?rest_route=\/wp\/v2\/posts"}],"about":[{"href":"https:\/\/noticiasregionais.com.br\/index.php?rest_route=\/wp\/v2\/types\/post"}],"author":[{"embeddable":true,"href":"https:\/\/noticiasregionais.com.br\/index.php?rest_route=\/wp\/v2\/users\/1"}],"replies":[{"embeddable":true,"href":"https:\/\/noticiasregionais.com.br\/index.php?rest_route=%2Fwp%2Fv2%2Fcomments&post=3611"}],"version-history":[{"count":1,"href":"https:\/\/noticiasregionais.com.br\/index.php?rest_route=\/wp\/v2\/posts\/3611\/revisions"}],"predecessor-version":[{"id":3616,"href":"https:\/\/noticiasregionais.com.br\/index.php?rest_route=\/wp\/v2\/posts\/3611\/revisions\/3616"}],"wp:featuredmedia":[{"embeddable":true,"href":"https:\/\/noticiasregionais.com.br\/index.php?rest_route=\/wp\/v2\/media\/3615"}],"wp:attachment":[{"href":"https:\/\/noticiasregionais.com.br\/index.php?rest_route=%2Fwp%2Fv2%2Fmedia&parent=3611"}],"wp:term":[{"taxonomy":"category","embeddable":true,"href":"https:\/\/noticiasregionais.com.br\/index.php?rest_route=%2Fwp%2Fv2%2Fcategories&post=3611"},{"taxonomy":"post_tag","embeddable":true,"href":"https:\/\/noticiasregionais.com.br\/index.php?rest_route=%2Fwp%2Fv2%2Ftags&post=3611"}],"curies":[{"name":"wp","href":"https:\/\/api.w.org\/{rel}","templated":true}]}}