{"id":3617,"date":"2024-10-08T08:11:28","date_gmt":"2024-10-08T11:11:28","guid":{"rendered":"https:\/\/noticiasregionais.com.br\/?p=3617"},"modified":"2024-10-08T08:11:39","modified_gmt":"2024-10-08T11:11:39","slug":"acidente-na-br-153-em-ibaiti-causa-a-morte-do-motorista-de-uma-carreta-que-transportava-acucar","status":"publish","type":"post","link":"https:\/\/noticiasregionais.com.br\/?p=3617","title":{"rendered":"Acidente na BR-153 em Ibaiti causa a  morte do motorista de uma carreta que transportava a\u00e7\u00facar"},"content":{"rendered":"\n<p><strong>Ibaiti, PR<\/strong> \u2013 Um grave acidente na BR-153, no quil\u00f4metro 121,6, em Ibaiti, Paran\u00e1, resultou na morte de um caminhoneiro de 43 anos na tarde de segunda-feira (7). O sinistro ocorreu por volta das 12h40, quando o motorista perdeu o controle da carreta que transportava bags de a\u00e7\u00facar e acabou tombando, saindo da pista.<\/p>\n\n\n\n<p>O caminh\u00e3o, que vinha do estado de Goi\u00e1s com destino ao porto de Paranagu\u00e1 (PR), ficou tombado \u00e0s margens da rodovia. Equipes de emerg\u00eancia, incluindo a Pol\u00edcia Rodovi\u00e1ria Federal (PRF), Pol\u00edcia Cient\u00edfica, Pol\u00edcia Civil e Corpo de Bombeiros, foram acionadas e estiveram no local. O motorista, infelizmente, n\u00e3o resistiu aos ferimentos e faleceu no local.<\/p>\n\n\n\n<p>O tr\u00e1fego na BR-153 ficou parcialmente bloqueado e operou no sistema de &#8220;pare e siga&#8221; at\u00e9 que a via fosse totalmente liberada por volta das 20h. A PRF informou que o laudo pericial sobre o acidente ser\u00e1 elaborado em breve para determinar as causas exatas do tombamento.<\/p>\n\n\n\n<p>O incidente chamou a aten\u00e7\u00e3o de muitos motoristas da regi\u00e3o, gerando preocupa\u00e7\u00e3o sobre as condi\u00e7\u00f5es da rodovia.<\/p>\n<input type=\"hidden\" id=\"baseurl\" value=\"https:\/\/noticiasregionais.com.br\"><input type=\"hidden\" id=\"audio_nonce\" value=\"51537c5ade\">","protected":false},"excerpt":{"rendered":"<p>Ibaiti, PR \u2013 Um grave acidente na BR-153, no quil\u00f4metro 121,6, em Ibaiti, Paran\u00e1, resultou na morte de um caminhoneiro&hellip;<\/p>\n","protected":false},"author":1,"featured_media":3618,"comment_status":"closed","ping_status":"open","sticky":false,"template":"","format":"standard","meta":{"sfsi_plus_gutenberg_text_before_share":"","sfsi_plus_gutenberg_show_text_before_share":"","sfsi_plus_gutenberg_icon_type":"","sfsi_plus_gutenberg_icon_alignemt":"","sfsi_plus_gutenburg_max_per_row":"","footnotes":""},"categories":[7,10,1],"tags":[],"class_list":["post-3617","post","type-post","status-publish","format-standard","has-post-thumbnail","hentry","category-parana","category-destaques","category-noticias"],"_links":{"self":[{"href":"https:\/\/noticiasregionais.com.br\/index.php?rest_route=\/wp\/v2\/posts\/3617","targetHints":{"allow":["GET"]}}],"collection":[{"href":"https:\/\/noticiasregionais.com.br\/index.php?rest_route=\/wp\/v2\/posts"}],"about":[{"href":"https:\/\/noticiasregionais.com.br\/index.php?rest_route=\/wp\/v2\/types\/post"}],"author":[{"embeddable":true,"href":"https:\/\/noticiasregionais.com.br\/index.php?rest_route=\/wp\/v2\/users\/1"}],"replies":[{"embeddable":true,"href":"https:\/\/noticiasregionais.com.br\/index.php?rest_route=%2Fwp%2Fv2%2Fcomments&post=3617"}],"version-history":[{"count":1,"href":"https:\/\/noticiasregionais.com.br\/index.php?rest_route=\/wp\/v2\/posts\/3617\/revisions"}],"predecessor-version":[{"id":3619,"href":"https:\/\/noticiasregionais.com.br\/index.php?rest_route=\/wp\/v2\/posts\/3617\/revisions\/3619"}],"wp:featuredmedia":[{"embeddable":true,"href":"https:\/\/noticiasregionais.com.br\/index.php?rest_route=\/wp\/v2\/media\/3618"}],"wp:attachment":[{"href":"https:\/\/noticiasregionais.com.br\/index.php?rest_route=%2Fwp%2Fv2%2Fmedia&parent=3617"}],"wp:term":[{"taxonomy":"category","embeddable":true,"href":"https:\/\/noticiasregionais.com.br\/index.php?rest_route=%2Fwp%2Fv2%2Fcategories&post=3617"},{"taxonomy":"post_tag","embeddable":true,"href":"https:\/\/noticiasregionais.com.br\/index.php?rest_route=%2Fwp%2Fv2%2Ftags&post=3617"}],"curies":[{"name":"wp","href":"https:\/\/api.w.org\/{rel}","templated":true}]}}