{"id":3626,"date":"2024-10-10T08:22:38","date_gmt":"2024-10-10T11:22:38","guid":{"rendered":"https:\/\/noticiasregionais.com.br\/?p=3626"},"modified":"2024-10-10T08:35:27","modified_gmt":"2024-10-10T11:35:27","slug":"equipe-de-transicao-de-guilherme-goncalves-prefeito-eleito-em-ourinhos-ja-foi-apresentada","status":"publish","type":"post","link":"https:\/\/noticiasregionais.com.br\/?p=3626","title":{"rendered":"Guilherme Gon\u00e7alves, prefeito eleito em Ourinhos, nomeia equipe de transi\u00e7\u00e3o"},"content":{"rendered":"\n<p>O prefeito eleito de Ourinhos, Guilherme Gon\u00e7alves (Podemos), anunciou nesta quarta-feira (9) os seis integrantes da equipe de transi\u00e7\u00e3o para o novo governo, que come\u00e7a em 1\u00ba de janeiro de 2025. Ele venceu a elei\u00e7\u00e3o com 49,83% dos votos (27.721), superando os candidatos Caio Lima (PSD), M\u00e1rio Ferreira (Rede) e Toninho (PT).<\/p>\n\n\n\n<p>A equipe de transi\u00e7\u00e3o vai ajudar na troca de informa\u00e7\u00f5es com a gest\u00e3o atual, do prefeito Lucas Pocay (PSD), e garantir que a mudan\u00e7a de governo aconte\u00e7a de forma tranquila. \u201cQueremos uma transi\u00e7\u00e3o organizada e transparente, com foco na continuidade dos servi\u00e7os essenciais\u201d, afirmou Gon\u00e7alves.<\/p>\n\n\n\n<p>Os seis membros da equipe s\u00e3o todos de Ourinhos e t\u00eam experi\u00eancia em suas \u00e1reas. Conhe\u00e7a os nomes:<\/p>\n\n\n\n<ul class=\"wp-block-list\">\n<li><strong>Jo\u00e3o Carlos Bilar Junior \u2013 Coordenador<\/strong>: Empres\u00e1rio de 43 anos, formado em Qu\u00edmica, com p\u00f3s-gradua\u00e7\u00e3o em Gest\u00e3o P\u00fablica. Ele foi coordenador da campanha de Guilherme.<\/li>\n\n\n\n<li><strong>Andr\u00e9 Lu\u00eds Camargo Mello \u2013 Advogado<\/strong>: Com 51 anos, \u00e9 advogado e professor universit\u00e1rio, e tem 25 anos de atua\u00e7\u00e3o em Ourinhos, onde j\u00e1 ocupou cargos p\u00fablicos importantes.<\/li>\n\n\n\n<li><strong>Ara\u00ed Mendon\u00e7a Braz\u00e3o \u2013 Advogado<\/strong>: Advogado de 45 anos, com 18 anos de experi\u00eancia na \u00e1rea p\u00fablica, especializado em processos de improbidade administrativa.<\/li>\n\n\n\n<li><strong>Di\u00f3genes Corr\u00eaa Leite \u2013 Gestor Ambiental<\/strong>: Com 66 anos, j\u00e1 foi comerciante e ocupou cargos como Secret\u00e1rio de Meio Ambiente, al\u00e9m de ter forte atua\u00e7\u00e3o no setor p\u00fablico de Ourinhos.<\/li>\n\n\n\n<li><strong>Leandro de Oliveira Moraes \u2013 Contador<\/strong>: Contador de 37 anos, j\u00e1 foi Secret\u00e1rio de Educa\u00e7\u00e3o e participou da moderniza\u00e7\u00e3o do sistema tribut\u00e1rio da cidade.<\/li>\n\n\n\n<li><strong>Renato Jos\u00e9 Nepomuceno de Freitas Hernandes \u2013 Advogado<\/strong>: Com 43 anos, atua como advogado desde 2005, especializado em Direito P\u00fablico e assessor jur\u00eddico na C\u00e2mara de Chavantes.<\/li>\n<\/ul>\n\n\n\n<p>Essa equipe vai ajudar a garantir que a transi\u00e7\u00e3o de governo seja organizada e eficiente, garantindo a continuidade dos servi\u00e7os \u00e0 popula\u00e7\u00e3o.<\/p>\n\n\n\n<p><sub><strong>fonte: Jornal Biz<\/strong><\/sub><\/p>\n<input type=\"hidden\" id=\"baseurl\" value=\"https:\/\/noticiasregionais.com.br\"><input type=\"hidden\" id=\"audio_nonce\" value=\"533fbb67b1\">","protected":false},"excerpt":{"rendered":"<p>O prefeito eleito de Ourinhos, Guilherme Gon\u00e7alves (Podemos), anunciou nesta quarta-feira (9) os seis integrantes da equipe de transi\u00e7\u00e3o para&hellip;<\/p>\n","protected":false},"author":1,"featured_media":3627,"comment_status":"closed","ping_status":"open","sticky":false,"template":"","format":"standard","meta":{"sfsi_plus_gutenberg_text_before_share":"","sfsi_plus_gutenberg_show_text_before_share":"","sfsi_plus_gutenberg_icon_type":"","sfsi_plus_gutenberg_icon_alignemt":"","sfsi_plus_gutenburg_max_per_row":"","footnotes":""},"categories":[5,12,1],"tags":[],"class_list":["post-3626","post","type-post","status-publish","format-standard","has-post-thumbnail","hentry","category-ourinhos","category-capa","category-noticias"],"_links":{"self":[{"href":"https:\/\/noticiasregionais.com.br\/index.php?rest_route=\/wp\/v2\/posts\/3626","targetHints":{"allow":["GET"]}}],"collection":[{"href":"https:\/\/noticiasregionais.com.br\/index.php?rest_route=\/wp\/v2\/posts"}],"about":[{"href":"https:\/\/noticiasregionais.com.br\/index.php?rest_route=\/wp\/v2\/types\/post"}],"author":[{"embeddable":true,"href":"https:\/\/noticiasregionais.com.br\/index.php?rest_route=\/wp\/v2\/users\/1"}],"replies":[{"embeddable":true,"href":"https:\/\/noticiasregionais.com.br\/index.php?rest_route=%2Fwp%2Fv2%2Fcomments&post=3626"}],"version-history":[{"count":2,"href":"https:\/\/noticiasregionais.com.br\/index.php?rest_route=\/wp\/v2\/posts\/3626\/revisions"}],"predecessor-version":[{"id":3635,"href":"https:\/\/noticiasregionais.com.br\/index.php?rest_route=\/wp\/v2\/posts\/3626\/revisions\/3635"}],"wp:featuredmedia":[{"embeddable":true,"href":"https:\/\/noticiasregionais.com.br\/index.php?rest_route=\/wp\/v2\/media\/3627"}],"wp:attachment":[{"href":"https:\/\/noticiasregionais.com.br\/index.php?rest_route=%2Fwp%2Fv2%2Fmedia&parent=3626"}],"wp:term":[{"taxonomy":"category","embeddable":true,"href":"https:\/\/noticiasregionais.com.br\/index.php?rest_route=%2Fwp%2Fv2%2Fcategories&post=3626"},{"taxonomy":"post_tag","embeddable":true,"href":"https:\/\/noticiasregionais.com.br\/index.php?rest_route=%2Fwp%2Fv2%2Ftags&post=3626"}],"curies":[{"name":"wp","href":"https:\/\/api.w.org\/{rel}","templated":true}]}}