{"id":3629,"date":"2024-10-10T08:28:52","date_gmt":"2024-10-10T11:28:52","guid":{"rendered":"https:\/\/noticiasregionais.com.br\/?p=3629"},"modified":"2024-10-10T08:28:55","modified_gmt":"2024-10-10T11:28:55","slug":"comercio-de-ourinhos-funcionara-ate-as-22-horas-na-vespera-do-dia-das-criancas","status":"publish","type":"post","link":"https:\/\/noticiasregionais.com.br\/?p=3629","title":{"rendered":"Com\u00e9rcio de Ourinhos funcionar\u00e1 at\u00e9 as 22 horas na v\u00e9spera do Dia das Crian\u00e7as"},"content":{"rendered":"\n<p>O com\u00e9rcio de Ourinhos vai funcionar em hor\u00e1rio especial na pr\u00f3xima sexta-feira (11), v\u00e9spera do feriado e do Dia das Crian\u00e7as.<\/p>\n\n\n\n<p>As lojas permanecer\u00e3o abertas at\u00e9 \u00e0s 22h com uma grande variedade de produtos e promo\u00e7\u00f5es atraentes para as fam\u00edlias.<\/p>\n\n\n\n<p>O Dia das Crian\u00e7as \u00e9 considerado o terceiro evento mais relevante do calend\u00e1rio do varejo nacional, ficando atr\u00e1s apenas do Natal e do Dia das M\u00e3es em volume de vendas<\/p>\n\n\n\n<p>\u201cA expectativa \u00e9 que aconte\u00e7a um aquecimento nas vendas do com\u00e9rcio em Ourinhos e o hor\u00e1rio estendido representa confronto e comodidade para os clientes, que n\u00e3o conseguiram comprar com anteced\u00eancia os presentes para as crian\u00e7as\u201d, ressaltou o presidente da ACE Ourinhos, Robson Martuchi.<\/p>\n\n\n\n<p>E outra grande oportunidade s\u00e3o os cupons da promo\u00e7\u00e3o Combina\u00e7\u00e3o Perfeita &#8211; Com\u00e9rcio de Ourinhos &amp; Voc\u00ea.<\/p>\n\n\n\n<p>\u201cOs consumidores devem aproveitar para pegar os cupons nas lojas participantes, pois dia 28 acontecer\u00e1 mais um sorteio de quarto pr\u00eamios de R$1000,00\u201d, finalizou Martuchi.<\/p>\n<input type=\"hidden\" id=\"baseurl\" value=\"https:\/\/noticiasregionais.com.br\"><input type=\"hidden\" id=\"audio_nonce\" value=\"533fbb67b1\">","protected":false},"excerpt":{"rendered":"<p>O com\u00e9rcio de Ourinhos vai funcionar em hor\u00e1rio especial na pr\u00f3xima sexta-feira (11), v\u00e9spera do feriado e do Dia das&hellip;<\/p>\n","protected":false},"author":1,"featured_media":3630,"comment_status":"closed","ping_status":"open","sticky":false,"template":"","format":"standard","meta":{"sfsi_plus_gutenberg_text_before_share":"","sfsi_plus_gutenberg_show_text_before_share":"","sfsi_plus_gutenberg_icon_type":"","sfsi_plus_gutenberg_icon_alignemt":"","sfsi_plus_gutenburg_max_per_row":"","footnotes":""},"categories":[5,10,1],"tags":[],"class_list":["post-3629","post","type-post","status-publish","format-standard","has-post-thumbnail","hentry","category-ourinhos","category-destaques","category-noticias"],"_links":{"self":[{"href":"https:\/\/noticiasregionais.com.br\/index.php?rest_route=\/wp\/v2\/posts\/3629","targetHints":{"allow":["GET"]}}],"collection":[{"href":"https:\/\/noticiasregionais.com.br\/index.php?rest_route=\/wp\/v2\/posts"}],"about":[{"href":"https:\/\/noticiasregionais.com.br\/index.php?rest_route=\/wp\/v2\/types\/post"}],"author":[{"embeddable":true,"href":"https:\/\/noticiasregionais.com.br\/index.php?rest_route=\/wp\/v2\/users\/1"}],"replies":[{"embeddable":true,"href":"https:\/\/noticiasregionais.com.br\/index.php?rest_route=%2Fwp%2Fv2%2Fcomments&post=3629"}],"version-history":[{"count":1,"href":"https:\/\/noticiasregionais.com.br\/index.php?rest_route=\/wp\/v2\/posts\/3629\/revisions"}],"predecessor-version":[{"id":3631,"href":"https:\/\/noticiasregionais.com.br\/index.php?rest_route=\/wp\/v2\/posts\/3629\/revisions\/3631"}],"wp:featuredmedia":[{"embeddable":true,"href":"https:\/\/noticiasregionais.com.br\/index.php?rest_route=\/wp\/v2\/media\/3630"}],"wp:attachment":[{"href":"https:\/\/noticiasregionais.com.br\/index.php?rest_route=%2Fwp%2Fv2%2Fmedia&parent=3629"}],"wp:term":[{"taxonomy":"category","embeddable":true,"href":"https:\/\/noticiasregionais.com.br\/index.php?rest_route=%2Fwp%2Fv2%2Fcategories&post=3629"},{"taxonomy":"post_tag","embeddable":true,"href":"https:\/\/noticiasregionais.com.br\/index.php?rest_route=%2Fwp%2Fv2%2Ftags&post=3629"}],"curies":[{"name":"wp","href":"https:\/\/api.w.org\/{rel}","templated":true}]}}