{"id":3632,"date":"2024-10-10T08:32:51","date_gmt":"2024-10-10T11:32:51","guid":{"rendered":"https:\/\/noticiasregionais.com.br\/?p=3632"},"modified":"2024-10-10T08:32:55","modified_gmt":"2024-10-10T11:32:55","slug":"defesa-civil-de-sp-repassa-r-26-milhoes-a-municipios-afetados-pela-seca-no-interior","status":"publish","type":"post","link":"https:\/\/noticiasregionais.com.br\/?p=3632","title":{"rendered":"Defesa Civil de SP repassa R$ 2,6 milh\u00f5es a munic\u00edpios afetados pela seca no interior"},"content":{"rendered":"\n<p class=\"has-text-align-center\"><strong>Recursos foram destinados a Arthur Nogueira, Barretos, Bauru e Indiana para iniciativas como melhoria na gest\u00e3o de \u00e1gua e a\u00e7\u00f5es de conscientiza\u00e7\u00e3o<\/strong><\/p>\n\n\n\n<p>A Defesa Civil do Estado de S\u00e3o Paulo anunciou nesta quarta-feira (9) o repasse de um total de R$ 2,6 milh\u00f5es em recursos para mitigar os efeitos da estiagem em quatro munic\u00edpios do interior paulista. A medida faz parte do Plano Estadual de Resili\u00eancia \u00e0 Estiagem \u2013 SP Sempre Alerta, institu\u00eddo pelo Governo de S\u00e3o Paulo em julho com diretrizes e a\u00e7\u00f5es para o per\u00edodo de menos chuvas.<\/p>\n\n\n\n<p>Barretos e Bauru, que foram bastante afetadas pela seca, receberam R$ 1 milh\u00e3o cada. J\u00e1 Indiana, na regi\u00e3o administrativa de Presidente Prudente, recebeu R$ 400 mil, enquanto Arthur Nogueira, na regi\u00e3o de Campinas, recebeu R$ 200 mil.<\/p>\n\n\n\n<p>A verba foi destinada para apoiar iniciativas que minimizem os impactos da estiagem nessas localidades, como a melhoria na gest\u00e3o de \u00e1gua e medidas de conscientiza\u00e7\u00e3o para a comunidade.<\/p>\n\n\n\n<p>Esses investimentos s\u00e3o fundamentais para minimizar os efeitos da seca, refor\u00e7ando o compromisso do governo estadual com o bem-estar da popula\u00e7\u00e3o e a resili\u00eancia das comunidades afetadas. A atua\u00e7\u00e3o da Defesa Civil \u00e9 essencial para a coordena\u00e7\u00e3o de esfor\u00e7os entre os diferentes n\u00edveis de governo e a mobiliza\u00e7\u00e3o de recursos em situa\u00e7\u00f5es de emerg\u00eancia.<\/p>\n<input type=\"hidden\" id=\"baseurl\" value=\"https:\/\/noticiasregionais.com.br\"><input type=\"hidden\" id=\"audio_nonce\" value=\"533fbb67b1\">","protected":false},"excerpt":{"rendered":"<p>Recursos foram destinados a Arthur Nogueira, Barretos, Bauru e Indiana para iniciativas como melhoria na gest\u00e3o de \u00e1gua e a\u00e7\u00f5es&hellip;<\/p>\n","protected":false},"author":1,"featured_media":3633,"comment_status":"closed","ping_status":"open","sticky":false,"template":"","format":"standard","meta":{"sfsi_plus_gutenberg_text_before_share":"","sfsi_plus_gutenberg_show_text_before_share":"","sfsi_plus_gutenberg_icon_type":"","sfsi_plus_gutenberg_icon_alignemt":"","sfsi_plus_gutenburg_max_per_row":"","footnotes":""},"categories":[6,10,1],"tags":[],"class_list":["post-3632","post","type-post","status-publish","format-standard","has-post-thumbnail","hentry","category-sao_paulo","category-destaques","category-noticias"],"_links":{"self":[{"href":"https:\/\/noticiasregionais.com.br\/index.php?rest_route=\/wp\/v2\/posts\/3632","targetHints":{"allow":["GET"]}}],"collection":[{"href":"https:\/\/noticiasregionais.com.br\/index.php?rest_route=\/wp\/v2\/posts"}],"about":[{"href":"https:\/\/noticiasregionais.com.br\/index.php?rest_route=\/wp\/v2\/types\/post"}],"author":[{"embeddable":true,"href":"https:\/\/noticiasregionais.com.br\/index.php?rest_route=\/wp\/v2\/users\/1"}],"replies":[{"embeddable":true,"href":"https:\/\/noticiasregionais.com.br\/index.php?rest_route=%2Fwp%2Fv2%2Fcomments&post=3632"}],"version-history":[{"count":1,"href":"https:\/\/noticiasregionais.com.br\/index.php?rest_route=\/wp\/v2\/posts\/3632\/revisions"}],"predecessor-version":[{"id":3634,"href":"https:\/\/noticiasregionais.com.br\/index.php?rest_route=\/wp\/v2\/posts\/3632\/revisions\/3634"}],"wp:featuredmedia":[{"embeddable":true,"href":"https:\/\/noticiasregionais.com.br\/index.php?rest_route=\/wp\/v2\/media\/3633"}],"wp:attachment":[{"href":"https:\/\/noticiasregionais.com.br\/index.php?rest_route=%2Fwp%2Fv2%2Fmedia&parent=3632"}],"wp:term":[{"taxonomy":"category","embeddable":true,"href":"https:\/\/noticiasregionais.com.br\/index.php?rest_route=%2Fwp%2Fv2%2Fcategories&post=3632"},{"taxonomy":"post_tag","embeddable":true,"href":"https:\/\/noticiasregionais.com.br\/index.php?rest_route=%2Fwp%2Fv2%2Ftags&post=3632"}],"curies":[{"name":"wp","href":"https:\/\/api.w.org\/{rel}","templated":true}]}}