{"id":3636,"date":"2024-10-11T07:02:53","date_gmt":"2024-10-11T10:02:53","guid":{"rendered":"https:\/\/noticiasregionais.com.br\/?p=3636"},"modified":"2024-10-11T07:02:56","modified_gmt":"2024-10-11T10:02:56","slug":"projetos-aprovados-na-ccj-da-camara-podem-acirrar-reacoes-entre-poderes","status":"publish","type":"post","link":"https:\/\/noticiasregionais.com.br\/?p=3636","title":{"rendered":"Projetos aprovados na CCJ da C\u00e2mara podem acirrar rea\u00e7\u00f5es entre poderes"},"content":{"rendered":"\n<p class=\"has-text-align-center\"><strong>CCJ aprova emendas \u00e0 Constitui\u00e7\u00e3o que permitem ao Legislativo suspender decis\u00f5es do Supremo e acabar com decis\u00f5es monocr\u00e1ticas<\/strong><\/p>\n\n\n\n<p>Um movimento de rea\u00e7\u00e3o contra um protagonismo tomado pelo Supremo Tribunal Federal (STF). \u00c9 assim que o doutor em Direito P\u00fablico e Constitucional, Antonio Celso Baeta Minhoto, enxerga a vit\u00f3ria na Comiss\u00e3o de Constitui\u00e7\u00e3o e Justi\u00e7a da C\u00e2mara que permite ao Congresso Nacional suspender decis\u00f5es tomadas pelo STF.<\/p>\n\n\n\n<p>\u201cHoje, o STF est\u00e1 num destaque muito grande, julgando muitos temas, muitas mat\u00e9rias, avocando para si muitas quest\u00f5es, dentro de um contexto, inclusive, de ativismo judicial, exercendo atividades que n\u00e3o s\u00e3o propriamente dele, mas mesmo assim, fazendo\u201d, analisa o especialista.<\/p>\n\n\n\n<h2 class=\"wp-block-heading\">O que diz a PEC 28\/24<\/h2>\n\n\n\n<p>A <a href=\"https:\/\/www.camara.leg.br\/proposicoesWeb\/fichadetramitacao?idProposicao=2448732&amp;fichaAmigavel=nao\" target=\"_blank\" rel=\"noopener\">Proposta de Emenda \u00e0 Constitui\u00e7\u00e3o 28\/24<\/a>, aprovada por 38 votos a favor e 12 contra, na CCJ na \u00faltima quarta (9), permite que o Congresso Nacional suspenda decis\u00f5es do STF caso considere que a Corte ultrapassou o exerc\u00edcio adequado de sua fun\u00e7\u00e3o de guardi\u00e3o da Constitui\u00e7\u00e3o.&nbsp;<\/p>\n\n\n\n<p>Assim, segundo a proposta, o Legislativo poder\u00e1 suspender a decis\u00e3o, desde que consiga o voto de 2\/3 dos integrantes de cada casa \u2014 C\u00e2mara e Senado \u2014 pelo prazo de at\u00e9 quatro anos.<\/p>\n\n\n\n<p>Segundo o texto, para que o STF mantenha sua decis\u00e3o e reverta a do Congresso, ser\u00e3o necess\u00e1rios os votos de 9 dos 11 ministros do Supremo.<\/p>\n\n\n\n<p>Para o relator da PEC, deputado Luiz Philippe de Orleans e Bragan\u00e7a (PL-SP), n\u00e3o se trata de sobreposi\u00e7\u00e3o de poderes.&nbsp;<\/p>\n\n\n\n<p>\u201cD\u00e1 ao Congresso a possibilidade de criar um freio ao ativismo judicial desse pequeno grupo nomeado que age monocraticamente. \u00c9 um freio! N\u00e3o se trata de se sobrepor ao Poder Judici\u00e1rio, de acabar com a independ\u00eancia dos Poderes. Trata-se de coabita\u00e7\u00e3o dos dois Poderes.\u201d<\/p>\n\n\n\n<h2 class=\"wp-block-heading\">Fim \u00e0s decis\u00f5es monocr\u00e1ticas<\/h2>\n\n\n\n<p>No mesmo dia a CCJ tamb\u00e9m aprovou, por 39 votos a 18, a <a href=\"https:\/\/www25.senado.leg.br\/web\/atividade\/materias\/-\/materia\/148030\" target=\"_blank\" rel=\"noopener\">PEC 8\/21<\/a>, que limita as decis\u00f5es monocr\u00e1ticas tanto no STF quanto em outros tribunais superiores.<\/p>\n\n\n\n<p>A aprova\u00e7\u00e3o na Comiss\u00e3o, segundo o advogado Ant\u00f4nio Minhoto, parece ter sido tomada para \u201ccolocar limites \u00e0 atua\u00e7\u00e3o do STF\u201d.&nbsp;<\/p>\n\n\n\n<p>\u201cEu analisei as quest\u00f5es que foram encaminhadas para a aprova\u00e7\u00e3o na CCJ e algumas, como a quest\u00e3o da limita\u00e7\u00e3o nas decis\u00f5es monocr\u00e1ticas, suspens\u00e3o de efic\u00e1cia de lei por decis\u00e3o singular, de um ministro apenas, me parecem corretas. \u00c9 preciso ter limites para esse tipo de situa\u00e7\u00e3o. A lei foi aprovada pelo Congresso e ela pode ser tornada inv\u00e1lida pelo STF, faz parte do sistema, numa decis\u00e3o colegiada.\u201d<\/p>\n\n\n\n<p>Para o advogado, recuperar a quest\u00e3o da colegialidade \u00e9 positivo.<\/p>\n\n\n\n<h2 class=\"wp-block-heading\">Rela\u00e7\u00e3o entre os poderes<\/h2>\n\n\n\n<p>Na queda de bra\u00e7o entre Legislativo e Judici\u00e1rio, acredita o especialista, n\u00e3o haver\u00e1 abalos quanto \u00e0 estabilidade institucional desses poderes, mas certamente haver\u00e1 um clima tenso entre eles.&nbsp;<\/p>\n\n\n\n<p>\u201cH\u00e1 que se considerar que h\u00e1 v\u00e1rios parlamentares com processos no STF \u2014 inqu\u00e9ritos, a\u00e7\u00f5es penais \u2014 que podem ser \u201cdesengavetados\u201d. J\u00e1 que o STF tamb\u00e9m vai usar das suas armas para oferecer resist\u00eancias a essas pretens\u00f5es de mudan\u00e7a.\u201d&nbsp;<\/p>\n\n\n\n<p>O especialista acredita que as PECs podem ser aprovadas gra\u00e7as \u00e0 grande quantidade de parlamentares de direita que ocupa hoje a casa Legislativa.&nbsp;<\/p>\n\n\n\n<p>\u201cMas quando leva para o plen\u00e1rio, j\u00e1 \u00e9 outra situa\u00e7\u00e3o. Tem tamb\u00e9m a quest\u00e3o do presidente da C\u00e2mara que pode sofrer uma press\u00e3o do Executivo, que por sua vez, tamb\u00e9m n\u00e3o quer se desgastar com o STF, com quem atualmente tem uma \u00f3tima rela\u00e7\u00e3o\u201d, avalia Minhoto. &nbsp;<\/p>\n\n\n\n<p>As propostas ainda precisam ser analisadas por uma comiss\u00e3o especial e pelo Plen\u00e1rio da C\u00e2mara, em dois turnos de vota\u00e7\u00e3o. Depois, ainda seguem para o Senado.<br>&nbsp;<\/p>\n\n\n\n<p>Fonte: <a href=\"https:\/\/brasil61.com\/n\/projetos-aprovados-na-ccj-da-camara-podem-acirrar-reacoes-entre-poderes-bras2412797\" target=\"_blank\" rel=\"noreferrer noopener\">Brasil 61<\/a><\/p>\n<input type=\"hidden\" id=\"baseurl\" value=\"https:\/\/noticiasregionais.com.br\"><input type=\"hidden\" id=\"audio_nonce\" value=\"533fbb67b1\">","protected":false},"excerpt":{"rendered":"<p>CCJ aprova emendas \u00e0 Constitui\u00e7\u00e3o que permitem ao Legislativo suspender decis\u00f5es do Supremo e acabar com decis\u00f5es monocr\u00e1ticas Um movimento&hellip;<\/p>\n","protected":false},"author":1,"featured_media":3637,"comment_status":"closed","ping_status":"open","sticky":false,"template":"","format":"standard","meta":{"sfsi_plus_gutenberg_text_before_share":"","sfsi_plus_gutenberg_show_text_before_share":"","sfsi_plus_gutenberg_icon_type":"","sfsi_plus_gutenberg_icon_alignemt":"","sfsi_plus_gutenburg_max_per_row":"","footnotes":""},"categories":[8,10,1],"tags":[],"class_list":["post-3636","post","type-post","status-publish","format-standard","has-post-thumbnail","hentry","category-brasil","category-destaques","category-noticias"],"_links":{"self":[{"href":"https:\/\/noticiasregionais.com.br\/index.php?rest_route=\/wp\/v2\/posts\/3636","targetHints":{"allow":["GET"]}}],"collection":[{"href":"https:\/\/noticiasregionais.com.br\/index.php?rest_route=\/wp\/v2\/posts"}],"about":[{"href":"https:\/\/noticiasregionais.com.br\/index.php?rest_route=\/wp\/v2\/types\/post"}],"author":[{"embeddable":true,"href":"https:\/\/noticiasregionais.com.br\/index.php?rest_route=\/wp\/v2\/users\/1"}],"replies":[{"embeddable":true,"href":"https:\/\/noticiasregionais.com.br\/index.php?rest_route=%2Fwp%2Fv2%2Fcomments&post=3636"}],"version-history":[{"count":1,"href":"https:\/\/noticiasregionais.com.br\/index.php?rest_route=\/wp\/v2\/posts\/3636\/revisions"}],"predecessor-version":[{"id":3638,"href":"https:\/\/noticiasregionais.com.br\/index.php?rest_route=\/wp\/v2\/posts\/3636\/revisions\/3638"}],"wp:featuredmedia":[{"embeddable":true,"href":"https:\/\/noticiasregionais.com.br\/index.php?rest_route=\/wp\/v2\/media\/3637"}],"wp:attachment":[{"href":"https:\/\/noticiasregionais.com.br\/index.php?rest_route=%2Fwp%2Fv2%2Fmedia&parent=3636"}],"wp:term":[{"taxonomy":"category","embeddable":true,"href":"https:\/\/noticiasregionais.com.br\/index.php?rest_route=%2Fwp%2Fv2%2Fcategories&post=3636"},{"taxonomy":"post_tag","embeddable":true,"href":"https:\/\/noticiasregionais.com.br\/index.php?rest_route=%2Fwp%2Fv2%2Ftags&post=3636"}],"curies":[{"name":"wp","href":"https:\/\/api.w.org\/{rel}","templated":true}]}}