{"id":3642,"date":"2024-10-11T07:16:06","date_gmt":"2024-10-11T10:16:06","guid":{"rendered":"https:\/\/noticiasregionais.com.br\/?p=3642"},"modified":"2024-10-11T07:16:08","modified_gmt":"2024-10-11T10:16:08","slug":"policiamento-rodoviario-realiza-palestra-educativa-em-escola-de-garca-sp","status":"publish","type":"post","link":"https:\/\/noticiasregionais.com.br\/?p=3642","title":{"rendered":"Policiamento Rodovi\u00e1rio realiza palestra educativa em escola de Gar\u00e7a\/SP"},"content":{"rendered":"\n<p>Na \u00faltima quinta-feira, 10 de outubro de 2024, policiais militares do Segundo Batalh\u00e3o de Pol\u00edcia Rodovi\u00e1ria promoveram uma a\u00e7\u00e3o educativa na Escola Estadual Alcyr da Rosa Lima, localizada na cidade de Gar\u00e7a, no interior de S\u00e3o Paulo. O evento contou com a participa\u00e7\u00e3o de aproximadamente 105 adolescentes, estudantes do 6\u00ba e 3\u00ba ano do ensino fundamental e m\u00e9dio.<\/p>\n\n\n\n<p>A palestra teve como objetivo educar os jovens sobre temas relacionados ao tr\u00e2nsito e voca\u00e7\u00f5es profissionais, abordando a import\u00e2ncia de comportamentos seguros nas estradas e a conscientiza\u00e7\u00e3o sobre os perigos que podem ser evitados com atitudes respons\u00e1veis. A iniciativa faz parte do compromisso da Pol\u00edcia Militar com a educa\u00e7\u00e3o e a preven\u00e7\u00e3o de acidentes, especialmente em \u00e1reas pr\u00f3ximas a rodovias, onde o cuidado redobrado se faz necess\u00e1rio.<\/p>\n\n\n\n<p>Essa a\u00e7\u00e3o educativa est\u00e1 inserida no contexto das comemora\u00e7\u00f5es pelos 200 anos da Pol\u00edcia Militar do Estado de S\u00e3o Paulo, refor\u00e7ando o lema da corpora\u00e7\u00e3o: &#8220;Vamos todos juntos. Ningu\u00e9m fica para tr\u00e1s!&#8221;. A proximidade com a comunidade escolar fortalece o v\u00ednculo entre a popula\u00e7\u00e3o e a PM, que busca, por meio de iniciativas como essa, formar cidad\u00e3os mais conscientes e preparados para lidar com os desafios do tr\u00e2nsito.<\/p>\n\n\n\n<p>Com essa abordagem, a Pol\u00edcia Militar continua a investir na forma\u00e7\u00e3o de jovens, contribuindo para a constru\u00e7\u00e3o de uma sociedade mais segura e solid\u00e1ria.<\/p>\n\n\n<div class=\"wp-block-image\">\n<figure class=\"aligncenter size-large\"><img decoding=\"async\" width=\"1024\" height=\"576\" src=\"https:\/\/noticiasregionais.com.br\/wp-content\/uploads\/2024\/10\/Palestra-PRE-1024x576.jpeg\" alt=\"\" class=\"wp-image-3644\" srcset=\"https:\/\/noticiasregionais.com.br\/wp-content\/uploads\/2024\/10\/Palestra-PRE-1024x576.jpeg 1024w, https:\/\/noticiasregionais.com.br\/wp-content\/uploads\/2024\/10\/Palestra-PRE-300x169.jpeg 300w, https:\/\/noticiasregionais.com.br\/wp-content\/uploads\/2024\/10\/Palestra-PRE-768x432.jpeg 768w, https:\/\/noticiasregionais.com.br\/wp-content\/uploads\/2024\/10\/Palestra-PRE.jpeg 1280w\" sizes=\"(max-width: 1024px) 100vw, 1024px\" \/><\/figure>\n<\/div><input type=\"hidden\" id=\"baseurl\" value=\"https:\/\/noticiasregionais.com.br\"><input type=\"hidden\" id=\"audio_nonce\" value=\"62e6e21d74\">","protected":false},"excerpt":{"rendered":"<p>Na \u00faltima quinta-feira, 10 de outubro de 2024, policiais militares do Segundo Batalh\u00e3o de Pol\u00edcia Rodovi\u00e1ria promoveram uma a\u00e7\u00e3o educativa&hellip;<\/p>\n","protected":false},"author":1,"featured_media":3643,"comment_status":"closed","ping_status":"open","sticky":false,"template":"","format":"standard","meta":{"sfsi_plus_gutenberg_text_before_share":"","sfsi_plus_gutenberg_show_text_before_share":"","sfsi_plus_gutenberg_icon_type":"","sfsi_plus_gutenberg_icon_alignemt":"","sfsi_plus_gutenburg_max_per_row":"","footnotes":""},"categories":[6,12,1],"tags":[],"class_list":["post-3642","post","type-post","status-publish","format-standard","has-post-thumbnail","hentry","category-sao_paulo","category-capa","category-noticias"],"_links":{"self":[{"href":"https:\/\/noticiasregionais.com.br\/index.php?rest_route=\/wp\/v2\/posts\/3642","targetHints":{"allow":["GET"]}}],"collection":[{"href":"https:\/\/noticiasregionais.com.br\/index.php?rest_route=\/wp\/v2\/posts"}],"about":[{"href":"https:\/\/noticiasregionais.com.br\/index.php?rest_route=\/wp\/v2\/types\/post"}],"author":[{"embeddable":true,"href":"https:\/\/noticiasregionais.com.br\/index.php?rest_route=\/wp\/v2\/users\/1"}],"replies":[{"embeddable":true,"href":"https:\/\/noticiasregionais.com.br\/index.php?rest_route=%2Fwp%2Fv2%2Fcomments&post=3642"}],"version-history":[{"count":1,"href":"https:\/\/noticiasregionais.com.br\/index.php?rest_route=\/wp\/v2\/posts\/3642\/revisions"}],"predecessor-version":[{"id":3645,"href":"https:\/\/noticiasregionais.com.br\/index.php?rest_route=\/wp\/v2\/posts\/3642\/revisions\/3645"}],"wp:featuredmedia":[{"embeddable":true,"href":"https:\/\/noticiasregionais.com.br\/index.php?rest_route=\/wp\/v2\/media\/3643"}],"wp:attachment":[{"href":"https:\/\/noticiasregionais.com.br\/index.php?rest_route=%2Fwp%2Fv2%2Fmedia&parent=3642"}],"wp:term":[{"taxonomy":"category","embeddable":true,"href":"https:\/\/noticiasregionais.com.br\/index.php?rest_route=%2Fwp%2Fv2%2Fcategories&post=3642"},{"taxonomy":"post_tag","embeddable":true,"href":"https:\/\/noticiasregionais.com.br\/index.php?rest_route=%2Fwp%2Fv2%2Ftags&post=3642"}],"curies":[{"name":"wp","href":"https:\/\/api.w.org\/{rel}","templated":true}]}}