{"id":3646,"date":"2024-10-11T07:23:42","date_gmt":"2024-10-11T10:23:42","guid":{"rendered":"https:\/\/noticiasregionais.com.br\/?p=3646"},"modified":"2024-10-11T07:23:54","modified_gmt":"2024-10-11T10:23:54","slug":"ace-e-inova-business-realizam-1o-workshop-empresarial-de-ourinhos","status":"publish","type":"post","link":"https:\/\/noticiasregionais.com.br\/?p=3646","title":{"rendered":"ACE e Inova Business realizam 1\u00ba Workshop Empresarial de Ourinhos"},"content":{"rendered":"\n<p>No dia 24 de outubro, \u00e0s 19h30, a ACE e a Inova Business Solu\u00e7\u00f5es Empresariais realizar\u00e3o o 1\u00ba Workshop Empresarial de Ourinhos.<\/p>\n\n\n\n<p>O evento ser\u00e1 comandado pelos facilitadores de alta performance Francinaldo Dias e Luiz Fernando Camotti e acontecer\u00e1 no audit\u00f3rio da ACE Ourinhos.<\/p>\n\n\n\n<p>O workshop \u00e9 uma grande oportunidade para empreendedores aprenderem sobre vis\u00e3o estrat\u00e9gica de neg\u00f3cios, planejamento operacional, financeiro, performance e gera\u00e7\u00e3o de resultados.<\/p>\n\n\n\n<p>As inscri\u00e7\u00f5es s\u00e3o gratuitas e podem ser feitas pelo link:<\/p>\n\n\n\n<p><a href=\"https:\/\/forms.gle\/CdAfSgQkKdiRUHEi8\" target=\"_blank\" rel=\"noopener\">https:\/\/forms.gle\/CdAfSgQkKdiRUHEi8<\/a><\/p>\n\n\n\n<figure class=\"wp-block-image size-full\"><img decoding=\"async\" width=\"828\" height=\"460\" src=\"https:\/\/noticiasregionais.com.br\/wp-content\/uploads\/2024\/10\/WhatsApp-Image-2024-10-09-at-09.53.58.jpeg\" alt=\"\" class=\"wp-image-3648\" srcset=\"https:\/\/noticiasregionais.com.br\/wp-content\/uploads\/2024\/10\/WhatsApp-Image-2024-10-09-at-09.53.58.jpeg 828w, https:\/\/noticiasregionais.com.br\/wp-content\/uploads\/2024\/10\/WhatsApp-Image-2024-10-09-at-09.53.58-300x167.jpeg 300w, https:\/\/noticiasregionais.com.br\/wp-content\/uploads\/2024\/10\/WhatsApp-Image-2024-10-09-at-09.53.58-768x427.jpeg 768w\" sizes=\"(max-width: 828px) 100vw, 828px\" \/><\/figure>\n<input type=\"hidden\" id=\"baseurl\" value=\"https:\/\/noticiasregionais.com.br\"><input type=\"hidden\" id=\"audio_nonce\" value=\"533fbb67b1\">","protected":false},"excerpt":{"rendered":"<p>No dia 24 de outubro, \u00e0s 19h30, a ACE e a Inova Business Solu\u00e7\u00f5es Empresariais realizar\u00e3o o 1\u00ba Workshop Empresarial&hellip;<\/p>\n","protected":false},"author":1,"featured_media":3647,"comment_status":"closed","ping_status":"open","sticky":false,"template":"","format":"standard","meta":{"sfsi_plus_gutenberg_text_before_share":"","sfsi_plus_gutenberg_show_text_before_share":"","sfsi_plus_gutenberg_icon_type":"","sfsi_plus_gutenberg_icon_alignemt":"","sfsi_plus_gutenburg_max_per_row":"","footnotes":""},"categories":[5,10,1],"tags":[],"class_list":["post-3646","post","type-post","status-publish","format-standard","has-post-thumbnail","hentry","category-ourinhos","category-destaques","category-noticias"],"_links":{"self":[{"href":"https:\/\/noticiasregionais.com.br\/index.php?rest_route=\/wp\/v2\/posts\/3646","targetHints":{"allow":["GET"]}}],"collection":[{"href":"https:\/\/noticiasregionais.com.br\/index.php?rest_route=\/wp\/v2\/posts"}],"about":[{"href":"https:\/\/noticiasregionais.com.br\/index.php?rest_route=\/wp\/v2\/types\/post"}],"author":[{"embeddable":true,"href":"https:\/\/noticiasregionais.com.br\/index.php?rest_route=\/wp\/v2\/users\/1"}],"replies":[{"embeddable":true,"href":"https:\/\/noticiasregionais.com.br\/index.php?rest_route=%2Fwp%2Fv2%2Fcomments&post=3646"}],"version-history":[{"count":1,"href":"https:\/\/noticiasregionais.com.br\/index.php?rest_route=\/wp\/v2\/posts\/3646\/revisions"}],"predecessor-version":[{"id":3649,"href":"https:\/\/noticiasregionais.com.br\/index.php?rest_route=\/wp\/v2\/posts\/3646\/revisions\/3649"}],"wp:featuredmedia":[{"embeddable":true,"href":"https:\/\/noticiasregionais.com.br\/index.php?rest_route=\/wp\/v2\/media\/3647"}],"wp:attachment":[{"href":"https:\/\/noticiasregionais.com.br\/index.php?rest_route=%2Fwp%2Fv2%2Fmedia&parent=3646"}],"wp:term":[{"taxonomy":"category","embeddable":true,"href":"https:\/\/noticiasregionais.com.br\/index.php?rest_route=%2Fwp%2Fv2%2Fcategories&post=3646"},{"taxonomy":"post_tag","embeddable":true,"href":"https:\/\/noticiasregionais.com.br\/index.php?rest_route=%2Fwp%2Fv2%2Ftags&post=3646"}],"curies":[{"name":"wp","href":"https:\/\/api.w.org\/{rel}","templated":true}]}}