{"id":3650,"date":"2024-10-14T09:29:57","date_gmt":"2024-10-14T12:29:57","guid":{"rendered":"https:\/\/noticiasregionais.com.br\/?p=3650"},"modified":"2024-10-14T11:30:43","modified_gmt":"2024-10-14T14:30:43","slug":"com-gasto-superior-a-21-milhoes-em-2023-camara-de-ourinhos-empaca-e-demonstra-ineficiencia","status":"publish","type":"post","link":"https:\/\/noticiasregionais.com.br\/?p=3650","title":{"rendered":"Com gasto superior a 21 milh\u00f5es em 2023, C\u00e2mara de Ourinhos empaca e demonstra inefici\u00eancia"},"content":{"rendered":"\n<p>Na sess\u00e3o ordin\u00e1ria da C\u00e2mara de Vereadores de Ourinhos, que ser\u00e1 realizada no dia 14 de outubro de 2024, um cen\u00e1rio sugere apatia pol\u00edtica e tem gerado cr\u00edticas entre os cidad\u00e3os. Com apenas cinco itens na pauta, sendo que nenhum deles envolve projetos de lei, muitos questionam a efic\u00e1cia dos legisladores e a gest\u00e3o p\u00fablica da cidade em um momento delicado, com a transi\u00e7\u00e3o iminente de prefeitos.<\/p>\n\n\n\n<p>A percep\u00e7\u00e3o de que os problemas urgentes de Ourinhos estariam sendo negligenciados, somada \u00e0 pauta considerada de pouca relev\u00e2ncia, gerou um sentimento de insatisfa\u00e7\u00e3o. Al\u00e9m disso, o fato de o atual prefeito n\u00e3o ter conseguido eleger seu sucessor coloca em d\u00favida a continuidade da gest\u00e3o at\u00e9 que o novo prefeito assuma o cargo.<\/p>\n\n\n\n<h3 class=\"wp-block-heading\">Pauta Restrita e Itens de Baixa Complexidade<\/h3>\n\n\n\n<p>A 35\u00aa sess\u00e3o ordin\u00e1ria da C\u00e2mara foi marcada pela apresenta\u00e7\u00e3o de apenas tr\u00eas requerimentos, uma indica\u00e7\u00e3o e uma mo\u00e7\u00e3o, todos voltados a quest\u00f5es pontuais e de pouca complexidade. Entre as demandas levantadas pelos vereadores, est\u00e3o pedidos para melhorias em infraestrutura urbana e servi\u00e7os de limpeza.<\/p>\n\n\n\n<p>Os principais requerimentos da sess\u00e3o foram:<\/p>\n\n\n\n<ul class=\"wp-block-list\">\n<li><strong>Requerimento N\u00ba 890\/2024<\/strong>, de autoria do vereador Jair Martins, que solicita informa\u00e7\u00f5es sobre a limpeza de um terreno no Loteamento Pacaembu.<\/li>\n\n\n\n<li><strong>Requerimento N\u00ba 891\/2024<\/strong>, do vereador Ederson Aparecido Machado (KITA), que pede a instala\u00e7\u00e3o de uma lombada na Rua Jo\u00e3o Bento Vieira da Silva Neto, visando \u00e0 seguran\u00e7a dos moradores da COHAB.<\/li>\n\n\n\n<li><strong>Requerimento N\u00ba 892\/2024<\/strong>, tamb\u00e9m de KITA, que sugere melhorias na ilumina\u00e7\u00e3o da pra\u00e7a da Vila Kennedy e a instala\u00e7\u00e3o de alambrado no campo de futebol society da regi\u00e3o.<\/li>\n<\/ul>\n\n\n\n<p>Al\u00e9m disso, o vereador \u00c9der J\u00falio Mota (\u00c9DER MOTA) apresentou a <strong>Indica\u00e7\u00e3o N\u00ba 446\/2024<\/strong>, solicitando a instala\u00e7\u00e3o de ar-condicionado nas creches municipais de Ourinhos. J\u00e1 a <strong>Mo\u00e7\u00e3o N\u00ba 216\/2024<\/strong>, do vereador An\u00edsio Aparecido Felicetti (AN\u00cdSIO FELICETTI), foi de pesar pelo falecimento de uma cidad\u00e3 ourinhense, a Sra. Maria de Lourdes Pessoa, ocorrido no in\u00edcio de outubro.<\/p>\n\n\n\n<h3 class=\"wp-block-heading\">O Ano Legislativo j\u00e1 Acabou?<\/h3>\n\n\n\n<p>A falta de projetos de lei ou de pautas mais estruturantes levantou preocupa\u00e7\u00f5es entre os mun\u00edcipes. Com a proximidade do fim do ano e a incerteza quanto \u00e0 continuidade da gest\u00e3o p\u00fablica at\u00e9 a posse do novo prefeito, muitos se perguntam quem vai garantir o funcionamento adequado dos servi\u00e7os essenciais na cidade.<\/p>\n\n\n\n<p>A atual conjuntura pol\u00edtica em Ourinhos reflete uma crise de lideran\u00e7a e planejamento, apontando para a necessidade urgente de maior protagonismo e comprometimento tanto do poder executivo quanto do legislativo.<\/p>\n<input type=\"hidden\" id=\"baseurl\" value=\"https:\/\/noticiasregionais.com.br\"><input type=\"hidden\" id=\"audio_nonce\" value=\"533fbb67b1\">","protected":false},"excerpt":{"rendered":"<p>Na sess\u00e3o ordin\u00e1ria da C\u00e2mara de Vereadores de Ourinhos, que ser\u00e1 realizada no dia 14 de outubro de 2024, um&hellip;<\/p>\n","protected":false},"author":1,"featured_media":2603,"comment_status":"closed","ping_status":"open","sticky":false,"template":"","format":"standard","meta":{"sfsi_plus_gutenberg_text_before_share":"","sfsi_plus_gutenberg_show_text_before_share":"","sfsi_plus_gutenberg_icon_type":"","sfsi_plus_gutenberg_icon_alignemt":"","sfsi_plus_gutenburg_max_per_row":"","footnotes":""},"categories":[5,12,1],"tags":[],"class_list":["post-3650","post","type-post","status-publish","format-standard","has-post-thumbnail","hentry","category-ourinhos","category-capa","category-noticias"],"_links":{"self":[{"href":"https:\/\/noticiasregionais.com.br\/index.php?rest_route=\/wp\/v2\/posts\/3650","targetHints":{"allow":["GET"]}}],"collection":[{"href":"https:\/\/noticiasregionais.com.br\/index.php?rest_route=\/wp\/v2\/posts"}],"about":[{"href":"https:\/\/noticiasregionais.com.br\/index.php?rest_route=\/wp\/v2\/types\/post"}],"author":[{"embeddable":true,"href":"https:\/\/noticiasregionais.com.br\/index.php?rest_route=\/wp\/v2\/users\/1"}],"replies":[{"embeddable":true,"href":"https:\/\/noticiasregionais.com.br\/index.php?rest_route=%2Fwp%2Fv2%2Fcomments&post=3650"}],"version-history":[{"count":2,"href":"https:\/\/noticiasregionais.com.br\/index.php?rest_route=\/wp\/v2\/posts\/3650\/revisions"}],"predecessor-version":[{"id":3667,"href":"https:\/\/noticiasregionais.com.br\/index.php?rest_route=\/wp\/v2\/posts\/3650\/revisions\/3667"}],"wp:featuredmedia":[{"embeddable":true,"href":"https:\/\/noticiasregionais.com.br\/index.php?rest_route=\/wp\/v2\/media\/2603"}],"wp:attachment":[{"href":"https:\/\/noticiasregionais.com.br\/index.php?rest_route=%2Fwp%2Fv2%2Fmedia&parent=3650"}],"wp:term":[{"taxonomy":"category","embeddable":true,"href":"https:\/\/noticiasregionais.com.br\/index.php?rest_route=%2Fwp%2Fv2%2Fcategories&post=3650"},{"taxonomy":"post_tag","embeddable":true,"href":"https:\/\/noticiasregionais.com.br\/index.php?rest_route=%2Fwp%2Fv2%2Ftags&post=3650"}],"curies":[{"name":"wp","href":"https:\/\/api.w.org\/{rel}","templated":true}]}}