{"id":3655,"date":"2024-10-14T10:24:17","date_gmt":"2024-10-14T13:24:17","guid":{"rendered":"https:\/\/noticiasregionais.com.br\/?p=3655"},"modified":"2024-10-14T10:24:20","modified_gmt":"2024-10-14T13:24:20","slug":"ourinhos-recebe-quatro-espetaculos-de-teatro-de-bonecos-entre-os-dias-16-a-18-10","status":"publish","type":"post","link":"https:\/\/noticiasregionais.com.br\/?p=3655","title":{"rendered":"Ourinhos recebe quatro espet\u00e1culos de Teatro de Bonecos entre os dias 16 a 18\/10"},"content":{"rendered":"\n<p>A Prefeitura de Ourinhos, por meio da Secretaria Municipal de Cultura, informa que Cia Caravan Maschera Teatro estar\u00e1 na cidade realizando quatro espet\u00e1culos gratuitos entre os dias 16 a 18 de outubro. Todas as apresenta\u00e7\u00f5es ser\u00e3o no Teatro Municipal Miguel Cury e n\u00e3o h\u00e1 necessidade de retirada pr\u00e9via dos ingressos. Confira a seguir a programa\u00e7\u00e3o, sinopse e classifica\u00e7\u00e3o et\u00e1ria de cada pe\u00e7a.<\/p>\n\n\n\n<h4 class=\"wp-block-heading\">16\/10 (quarta-feira) \u2013 20h &#8211; \u201cVigiar e Punir\u201d &#8211; Classifica\u00e7\u00e3o Et\u00e1ria: 16 anos.<\/h4>\n\n\n\n<p>Sinopse: A partir de cenas abstratas e subjetivas com bonecos inspirados nas pinturas de Goya e Bosch, imagens sutis e momentos provocativos em torno do tema da disciplina, da loucura, da desobedi\u00eancia e da no\u00e7\u00e3o duvidosa de \u201cnormal\u201d, a pe\u00e7a evidencia, com humor sarc\u00e1stico, como a sociedade \u201cNormop\u00e1tica\u201d de controle e vigil\u00e2ncia de hoje manipula os desejos e impulsos naturais do indiv\u00edduo comum na busca de uma \u201cpadroniza\u00e7\u00e3o\u201d silenciosa.<\/p>\n\n\n\n<h4 class=\"wp-block-heading\">17\/10 (quinta-feira) \u2013 15h &#8211; \u201cHoje, Godot n\u00e3o vem!\u201d &#8211; Classifica\u00e7\u00e3o Et\u00e1ria: Livre<\/h4>\n\n\n\n<p>Sinopse: A pe\u00e7a se passa no deserto e conta a hist\u00f3ria de duas crian\u00e7as, acompanhadas apenas de uma \u00e1rvore solit\u00e1ria, que est\u00e3o \u00e0 espera de Godot. Mas, quem ou o que \u00e9 Godot? Por que esperam por Godot? Imagens po\u00e9ticas, bonecos inspirados em Ren\u00e9 Magritte, e proje\u00e7\u00f5es em stop motion sugerem respostas e intui\u00e7\u00f5es sobre quest\u00f5es profundas da vida e do ato de tornar-se adulto.<\/p>\n\n\n\n<h4 class=\"wp-block-heading\">17\/10 (quinta-feira) \u2013 20h &#8211; \u201cMonsanto, mon amour!\u201d &#8211; Classifica\u00e7\u00e3o et\u00e1ria: 14 anos.<\/h4>\n\n\n\n<p>O Monsanto Mon Amour \u00e9 um projeto que integra uma sequ\u00eancia de pesquisa cont\u00ednua da companhia Caravan Maschera que, em 2022, completou 12 anos de exist\u00eancia e trabalho no g\u00eanero teatral. O tema do espet\u00e1culo \u00e9 a crise ambiental dos dias de hoje, enquanto tamb\u00e9m fala sobre o comportamento humano em rela\u00e7\u00e3o ao meio ambiente.<\/p>\n\n\n\n<h4 class=\"wp-block-heading\">18\/10 (sexta-feira) &#8211; 10h &#8211; \u201cVidas Secas\u201d &#8211; Classifica\u00e7\u00e3o et\u00e1ria: Livre<\/h4>\n\n\n\n<p>A pe\u00e7a \u00e9 uma obra imag\u00e9tica que transforma continuamente os signos, os significados e os sentidos do contexto atual e hist\u00f3rico da seca, da ang\u00fastia e da esperan\u00e7a do sertanejo que transcende os regionalismos geogr\u00e1ficos e a temporalidade das \u00e9pocas. Nessa vers\u00e3o com bonecos, quase n\u00e3o existe texto. A f\u00e1bula \u00e9 recontada por meio de 11 bonecos e uma musicalidade instigante que permitem ao p\u00fablico divagar sobre o que v\u00ea de modo po\u00e9tico e sens\u00edvel.<\/p>\n\n\n\n<h4 class=\"wp-block-heading\">Sobre a Cia de Teatro<\/h4>\n\n\n\n<p>As obras s\u00e3o contempladas por edital de fomento do Governo do Estado de S\u00e3o Paulo. A Caravan Maschera Teatro, sediada na cidade de Atibaia desde 2010, \u00e9 uma cia de Teatro de Bonecos e Formas Animadas de pesquisa e produ\u00e7\u00e3o consolidadas. Em 14 anos de hist\u00f3ria seus 9 espet\u00e1culos percorreram festivais em 13 estados brasileiros, al\u00e9m de festivais e projetos na Fran\u00e7a, It\u00e1lia, Su\u00ed\u00e7a e Eslov\u00eania. Seus espet\u00e1culos e projetos s\u00e3o uma celebra\u00e7\u00e3o da arte e da cultura, oferecendo uma plataforma para a express\u00e3o criativa e a experimenta\u00e7\u00e3o art\u00edstica. Com uma produ\u00e7\u00e3o e pesquisa teatral diversificada e um compromisso com a inclus\u00e3o, a mostra, os projetos e as a\u00e7\u00f5es da companhia buscam inspirar e entreter, promovendo o teatro de bonecos como uma forma de arte relevante e acess\u00edvel para todos.<\/p>\n<input type=\"hidden\" id=\"baseurl\" value=\"https:\/\/noticiasregionais.com.br\"><input type=\"hidden\" id=\"audio_nonce\" value=\"3cdc555a10\">","protected":false},"excerpt":{"rendered":"<p>A Prefeitura de Ourinhos, por meio da Secretaria Municipal de Cultura, informa que Cia Caravan Maschera Teatro estar\u00e1 na cidade&hellip;<\/p>\n","protected":false},"author":1,"featured_media":3656,"comment_status":"closed","ping_status":"open","sticky":false,"template":"","format":"standard","meta":{"sfsi_plus_gutenberg_text_before_share":"","sfsi_plus_gutenberg_show_text_before_share":"","sfsi_plus_gutenberg_icon_type":"","sfsi_plus_gutenberg_icon_alignemt":"","sfsi_plus_gutenburg_max_per_row":"","footnotes":""},"categories":[5,10,1],"tags":[],"class_list":["post-3655","post","type-post","status-publish","format-standard","has-post-thumbnail","hentry","category-ourinhos","category-destaques","category-noticias"],"_links":{"self":[{"href":"https:\/\/noticiasregionais.com.br\/index.php?rest_route=\/wp\/v2\/posts\/3655","targetHints":{"allow":["GET"]}}],"collection":[{"href":"https:\/\/noticiasregionais.com.br\/index.php?rest_route=\/wp\/v2\/posts"}],"about":[{"href":"https:\/\/noticiasregionais.com.br\/index.php?rest_route=\/wp\/v2\/types\/post"}],"author":[{"embeddable":true,"href":"https:\/\/noticiasregionais.com.br\/index.php?rest_route=\/wp\/v2\/users\/1"}],"replies":[{"embeddable":true,"href":"https:\/\/noticiasregionais.com.br\/index.php?rest_route=%2Fwp%2Fv2%2Fcomments&post=3655"}],"version-history":[{"count":1,"href":"https:\/\/noticiasregionais.com.br\/index.php?rest_route=\/wp\/v2\/posts\/3655\/revisions"}],"predecessor-version":[{"id":3657,"href":"https:\/\/noticiasregionais.com.br\/index.php?rest_route=\/wp\/v2\/posts\/3655\/revisions\/3657"}],"wp:featuredmedia":[{"embeddable":true,"href":"https:\/\/noticiasregionais.com.br\/index.php?rest_route=\/wp\/v2\/media\/3656"}],"wp:attachment":[{"href":"https:\/\/noticiasregionais.com.br\/index.php?rest_route=%2Fwp%2Fv2%2Fmedia&parent=3655"}],"wp:term":[{"taxonomy":"category","embeddable":true,"href":"https:\/\/noticiasregionais.com.br\/index.php?rest_route=%2Fwp%2Fv2%2Fcategories&post=3655"},{"taxonomy":"post_tag","embeddable":true,"href":"https:\/\/noticiasregionais.com.br\/index.php?rest_route=%2Fwp%2Fv2%2Ftags&post=3655"}],"curies":[{"name":"wp","href":"https:\/\/api.w.org\/{rel}","templated":true}]}}