{"id":3658,"date":"2024-10-14T10:28:07","date_gmt":"2024-10-14T13:28:07","guid":{"rendered":"https:\/\/noticiasregionais.com.br\/?p=3658"},"modified":"2024-10-14T10:28:10","modified_gmt":"2024-10-14T13:28:10","slug":"horario-de-verao-medida-pode-ficar-para-2025","status":"publish","type":"post","link":"https:\/\/noticiasregionais.com.br\/?p=3658","title":{"rendered":"Hor\u00e1rio de ver\u00e3o: medida pode ficar para 2025"},"content":{"rendered":"\n<h4 class=\"wp-block-heading has-text-align-center\">Ministro Alexandre Silveira (MME) deve resolver sobre adiamento dos rel\u00f3gios na pr\u00f3xima semana<\/h4>\n\n\n\n<p>Sob press\u00e3o de muitos setores \u2014 bares, restaurantes, avia\u00e7\u00e3o \u2014 e da sociedade civil, o Ministro de Minas e Energia&nbsp;Alexandre Silveira deixou para a semana que vem a decis\u00e3o sobre a volta ou n\u00e3o do hor\u00e1rio de ver\u00e3o. Em reuni\u00e3o esta semana com diretores do Operador Nacional do Sistema El\u00e9trico (ONS), Silveira disse que a medida s\u00f3 ser\u00e1 adotada se for imprescind\u00edvel para a economia de energia.&nbsp;<\/p>\n\n\n\n<p>Segundo o ministro, a volta do hor\u00e1rio de ver\u00e3o \u00e9 um tema transversal, que n\u00e3o pode ser avaliado apenas do ponto de vista da economia, mas tamb\u00e9m levando em conta as necessidades da sociedade e do setor produtivo.&nbsp;<\/p>\n\n\n\n<p><a href=\"https:\/\/brasil61.com\/n\/horario-de-verao-medida-sera-retomada-em-2024-entenda-como-funciona-bras2412672\" target=\"_blank\" rel=\"noopener\">Hor\u00e1rio de Ver\u00e3o: medida ser\u00e1 retomada em 2024? Entenda como funciona<\/a><\/p>\n\n\n\n<h2 class=\"wp-block-heading\">Empresas a\u00e9reas comemoram&nbsp;<\/h2>\n\n\n\n<p>Diante da fala do ministro Silveira de que a medida s\u00f3 ser\u00e1 tomada se for realmente necess\u00e1ria e que ainda pode ficar para o ano que vem, as empresas a\u00e9reas reagiram. Segundo representantes do setor de avia\u00e7\u00e3o, \u00e9 preciso um prazo de seis meses para que sejam feitos ajustes de hor\u00e1rios e conex\u00f5es entre os voos.<\/p>\n\n\n\n<p>A Associa\u00e7\u00e3o Brasileira das Empresas A\u00e9reas (ABEAR), em nota, informa que \u201ca entrada s\u00fabita do hor\u00e1rio de ver\u00e3o causar\u00e1, por parte das empresas a\u00e9reas brasileiras, altera\u00e7\u00f5es de hor\u00e1rios em cidades brasileiras e internacionais que n\u00e3o aderem \u00e0 nova hora legal de Bras\u00edlia. Isso mudar\u00e1 a hora de sa\u00edda\/chegada dos voos, podendo gerar a perda do embarque pelos clientes por apresenta\u00e7\u00e3o tardia e eventual perda de conectividade.\u201d<\/p>\n\n\n\n<p>Ainda segundo a ABEAR, a possibilidade de adiamento da medida para 2025 est\u00e1 alinhada ao princ\u00edpio da previsibilidade, fundamental para ajustar quest\u00f5es log\u00edsticas e operacionais.<\/p>\n\n\n\n<h2 class=\"wp-block-heading\">Hor\u00e1rio de ver\u00e3o<\/h2>\n\n\n\n<p>Desde 2019, no ent\u00e3o governo Bolsonaro, o hor\u00e1rio de ver\u00e3o deixou de ser institu\u00eddo. O hor\u00e1rio de ver\u00e3o consiste em adiantar os rel\u00f3gios em uma hora. Na pr\u00e1tica, acordamos com o sol mais fraco e &#8220;ganhamos&#8221; uma hora a mais de sol no fim do dia.&nbsp;<\/p>\n\n\n\n<p>Fonte: <a href=\"https:\/\/brasil61.com\/n\/horario-de-verao-medida-pode-ficar-para-2025-bras2412806\" target=\"_blank\" rel=\"noreferrer noopener\">Brasil 61<\/a><\/p>\n<input type=\"hidden\" id=\"baseurl\" value=\"https:\/\/noticiasregionais.com.br\"><input type=\"hidden\" id=\"audio_nonce\" value=\"533fbb67b1\">","protected":false},"excerpt":{"rendered":"<p>Ministro Alexandre Silveira (MME) deve resolver sobre adiamento dos rel\u00f3gios na pr\u00f3xima semana Sob press\u00e3o de muitos setores \u2014 bares,&hellip;<\/p>\n","protected":false},"author":1,"featured_media":3659,"comment_status":"closed","ping_status":"open","sticky":false,"template":"","format":"standard","meta":{"sfsi_plus_gutenberg_text_before_share":"","sfsi_plus_gutenberg_show_text_before_share":"","sfsi_plus_gutenberg_icon_type":"","sfsi_plus_gutenberg_icon_alignemt":"","sfsi_plus_gutenburg_max_per_row":"","footnotes":""},"categories":[8,10,1],"tags":[],"class_list":["post-3658","post","type-post","status-publish","format-standard","has-post-thumbnail","hentry","category-brasil","category-destaques","category-noticias"],"_links":{"self":[{"href":"https:\/\/noticiasregionais.com.br\/index.php?rest_route=\/wp\/v2\/posts\/3658","targetHints":{"allow":["GET"]}}],"collection":[{"href":"https:\/\/noticiasregionais.com.br\/index.php?rest_route=\/wp\/v2\/posts"}],"about":[{"href":"https:\/\/noticiasregionais.com.br\/index.php?rest_route=\/wp\/v2\/types\/post"}],"author":[{"embeddable":true,"href":"https:\/\/noticiasregionais.com.br\/index.php?rest_route=\/wp\/v2\/users\/1"}],"replies":[{"embeddable":true,"href":"https:\/\/noticiasregionais.com.br\/index.php?rest_route=%2Fwp%2Fv2%2Fcomments&post=3658"}],"version-history":[{"count":1,"href":"https:\/\/noticiasregionais.com.br\/index.php?rest_route=\/wp\/v2\/posts\/3658\/revisions"}],"predecessor-version":[{"id":3660,"href":"https:\/\/noticiasregionais.com.br\/index.php?rest_route=\/wp\/v2\/posts\/3658\/revisions\/3660"}],"wp:featuredmedia":[{"embeddable":true,"href":"https:\/\/noticiasregionais.com.br\/index.php?rest_route=\/wp\/v2\/media\/3659"}],"wp:attachment":[{"href":"https:\/\/noticiasregionais.com.br\/index.php?rest_route=%2Fwp%2Fv2%2Fmedia&parent=3658"}],"wp:term":[{"taxonomy":"category","embeddable":true,"href":"https:\/\/noticiasregionais.com.br\/index.php?rest_route=%2Fwp%2Fv2%2Fcategories&post=3658"},{"taxonomy":"post_tag","embeddable":true,"href":"https:\/\/noticiasregionais.com.br\/index.php?rest_route=%2Fwp%2Fv2%2Ftags&post=3658"}],"curies":[{"name":"wp","href":"https:\/\/api.w.org\/{rel}","templated":true}]}}