{"id":3661,"date":"2024-10-14T11:02:35","date_gmt":"2024-10-14T14:02:35","guid":{"rendered":"https:\/\/noticiasregionais.com.br\/?p=3661"},"modified":"2024-10-14T11:02:47","modified_gmt":"2024-10-14T14:02:47","slug":"pm-de-marilia-desmantela-ponto-de-trafico-de-drogas-com-apoio-de-cao-farejador-do-baep","status":"publish","type":"post","link":"https:\/\/noticiasregionais.com.br\/?p=3661","title":{"rendered":"PM de Mar\u00edlia desmantela ponto de tr\u00e1fico de drogas com apoio de c\u00e3o farejador do BAEP"},"content":{"rendered":"\n<p>Na manh\u00e3 de sexta-feira, 12 de outubro de 2024, uma opera\u00e7\u00e3o conjunta da Pol\u00edcia Militar de Mar\u00edlia resultou na apreens\u00e3o de grande quantidade de drogas e dinheiro, al\u00e9m da deten\u00e7\u00e3o de dois menores. A a\u00e7\u00e3o contou com o apoio do K9 do 13\u00ba BAEP (Batalh\u00e3o de A\u00e7\u00f5es Especiais de Pol\u00edcia) e foi realizada em colabora\u00e7\u00e3o com o 9\u00ba BPM\/I (Batalh\u00e3o de Pol\u00edcia Militar do Interior).<\/p>\n\n\n\n<p>O local da opera\u00e7\u00e3o foi uma extensa \u00e1rea de mata localizada no bairro Argolo Ferr\u00e3o, pr\u00f3ximo ao cruzamento das ruas Ana Rita e Maria C\u00e2ndida de Sousa. Por volta das 9h40, as equipes abordaram dois adolescentes que estavam em posse de drogas e uma quantia em dinheiro.<\/p>\n\n\n\n<p>Diante da suspeita de que mais entorpecentes pudessem estar escondidos na \u00e1rea, foi acionado o c\u00e3o farejador Seth, especializado na localiza\u00e7\u00e3o de subst\u00e2ncias il\u00edcitas. O animal rapidamente indicou a presen\u00e7a de uma sacola escondida no local. Dentro do pacote, foram encontrados 48 frascos de lan\u00e7a-perfume, 547 por\u00e7\u00f5es de maconha, 820 por\u00e7\u00f5es de crack, 642 pinos de coca\u00edna, 114 por\u00e7\u00f5es de haxixe e R$ 2.250,10 em dinheiro.<\/p>\n\n\n\n<p>Os dois menores, juntamente com as drogas e o valor em esp\u00e9cie, foram encaminhados \u00e0 Central de Pol\u00edcia Judici\u00e1ria de Mar\u00edlia, onde permanecem \u00e0 disposi\u00e7\u00e3o da justi\u00e7a. A opera\u00e7\u00e3o refor\u00e7a o compromisso das autoridades em combater o tr\u00e1fico de drogas na regi\u00e3o e manter a seguran\u00e7a da popula\u00e7\u00e3o.<\/p>\n<input type=\"hidden\" id=\"baseurl\" value=\"https:\/\/noticiasregionais.com.br\"><input type=\"hidden\" id=\"audio_nonce\" value=\"533fbb67b1\">","protected":false},"excerpt":{"rendered":"<p>Na manh\u00e3 de sexta-feira, 12 de outubro de 2024, uma opera\u00e7\u00e3o conjunta da Pol\u00edcia Militar de Mar\u00edlia resultou na apreens\u00e3o&hellip;<\/p>\n","protected":false},"author":1,"featured_media":3662,"comment_status":"closed","ping_status":"open","sticky":false,"template":"","format":"standard","meta":{"sfsi_plus_gutenberg_text_before_share":"","sfsi_plus_gutenberg_show_text_before_share":"","sfsi_plus_gutenberg_icon_type":"","sfsi_plus_gutenberg_icon_alignemt":"","sfsi_plus_gutenburg_max_per_row":"","footnotes":""},"categories":[6,10,1],"tags":[],"class_list":["post-3661","post","type-post","status-publish","format-standard","has-post-thumbnail","hentry","category-sao_paulo","category-destaques","category-noticias"],"_links":{"self":[{"href":"https:\/\/noticiasregionais.com.br\/index.php?rest_route=\/wp\/v2\/posts\/3661","targetHints":{"allow":["GET"]}}],"collection":[{"href":"https:\/\/noticiasregionais.com.br\/index.php?rest_route=\/wp\/v2\/posts"}],"about":[{"href":"https:\/\/noticiasregionais.com.br\/index.php?rest_route=\/wp\/v2\/types\/post"}],"author":[{"embeddable":true,"href":"https:\/\/noticiasregionais.com.br\/index.php?rest_route=\/wp\/v2\/users\/1"}],"replies":[{"embeddable":true,"href":"https:\/\/noticiasregionais.com.br\/index.php?rest_route=%2Fwp%2Fv2%2Fcomments&post=3661"}],"version-history":[{"count":1,"href":"https:\/\/noticiasregionais.com.br\/index.php?rest_route=\/wp\/v2\/posts\/3661\/revisions"}],"predecessor-version":[{"id":3663,"href":"https:\/\/noticiasregionais.com.br\/index.php?rest_route=\/wp\/v2\/posts\/3661\/revisions\/3663"}],"wp:featuredmedia":[{"embeddable":true,"href":"https:\/\/noticiasregionais.com.br\/index.php?rest_route=\/wp\/v2\/media\/3662"}],"wp:attachment":[{"href":"https:\/\/noticiasregionais.com.br\/index.php?rest_route=%2Fwp%2Fv2%2Fmedia&parent=3661"}],"wp:term":[{"taxonomy":"category","embeddable":true,"href":"https:\/\/noticiasregionais.com.br\/index.php?rest_route=%2Fwp%2Fv2%2Fcategories&post=3661"},{"taxonomy":"post_tag","embeddable":true,"href":"https:\/\/noticiasregionais.com.br\/index.php?rest_route=%2Fwp%2Fv2%2Ftags&post=3661"}],"curies":[{"name":"wp","href":"https:\/\/api.w.org\/{rel}","templated":true}]}}