{"id":3664,"date":"2024-10-14T11:12:14","date_gmt":"2024-10-14T14:12:14","guid":{"rendered":"https:\/\/noticiasregionais.com.br\/?p=3664"},"modified":"2024-10-14T11:12:17","modified_gmt":"2024-10-14T14:12:17","slug":"policia-rodoviaria-federal-apreende-450-kg-de-maconha-em-veiculo-clonado-na-br-369-em-rolandia","status":"publish","type":"post","link":"https:\/\/noticiasregionais.com.br\/?p=3664","title":{"rendered":"Pol\u00edcia Rodovi\u00e1ria Federal apreende 450 kg de maconha em ve\u00edculo clonado na BR-369, em Rol\u00e2ndia"},"content":{"rendered":"\n<p>Na manh\u00e3 desta segunda-feira (14), uma opera\u00e7\u00e3o de rotina da Pol\u00edcia Rodovi\u00e1ria Federal (PRF) resultou na apreens\u00e3o de 450 kg de maconha e na pris\u00e3o de uma mulher na BR-369, em Rol\u00e2ndia, no Paran\u00e1. A a\u00e7\u00e3o ocorreu ap\u00f3s uma abordagem de um ve\u00edculo VW\/Nivus, de cor branca, conduzido de forma suspeita.<\/p>\n\n\n\n<p>Durante uma ronda preventiva, a equipe da PRF notou que o ve\u00edculo trafegava de maneira err\u00e1tica, em alta velocidade, o que chamou a aten\u00e7\u00e3o dos agentes. Ao realizar a abordagem, a condutora, uma mulher de 33 anos, residente de Jaguari\u00fana, S\u00e3o Paulo, apresentou grande nervosismo e forneceu informa\u00e7\u00f5es contradit\u00f3rias sobre sua viagem. Esse comportamento aumentou as suspeitas dos policiais, que decidiram realizar uma busca minuciosa no interior do ve\u00edculo.<\/p>\n\n\n\n<p>Na vistoria, foram encontrados 450 kg de maconha escondidos no autom\u00f3vel. Al\u00e9m disso, uma verifica\u00e7\u00e3o mais detalhada dos registros revelou que o ve\u00edculo era um clone e havia sido roubado em 16 de dezembro de 2023, na cidade de Jundia\u00ed, S\u00e3o Paulo.<\/p>\n\n\n\n<p>Diante das evid\u00eancias, a mulher foi presa em flagrante e encaminhada \u00e0 Delegacia da Pol\u00edcia Civil em Rol\u00e2ndia, onde responder\u00e1 pelos crimes de tr\u00e1fico de drogas e recepta\u00e7\u00e3o de ve\u00edculo roubado. O caso segue sob investiga\u00e7\u00e3o para identificar poss\u00edveis envolvidos no esquema de transporte de entorpecentes.<\/p>\n\n\n\n<p>A apreens\u00e3o reafirma a import\u00e2ncia do trabalho da PRF no combate ao tr\u00e1fico de drogas e \u00e0 criminalidade nas rodovias brasileiras.<\/p>\n<input type=\"hidden\" id=\"baseurl\" value=\"https:\/\/noticiasregionais.com.br\"><input type=\"hidden\" id=\"audio_nonce\" value=\"533fbb67b1\">","protected":false},"excerpt":{"rendered":"<p>Na manh\u00e3 desta segunda-feira (14), uma opera\u00e7\u00e3o de rotina da Pol\u00edcia Rodovi\u00e1ria Federal (PRF) resultou na apreens\u00e3o de 450 kg&hellip;<\/p>\n","protected":false},"author":1,"featured_media":3665,"comment_status":"closed","ping_status":"open","sticky":false,"template":"","format":"standard","meta":{"sfsi_plus_gutenberg_text_before_share":"","sfsi_plus_gutenberg_show_text_before_share":"","sfsi_plus_gutenberg_icon_type":"","sfsi_plus_gutenberg_icon_alignemt":"","sfsi_plus_gutenburg_max_per_row":"","footnotes":""},"categories":[7,10,1],"tags":[],"class_list":["post-3664","post","type-post","status-publish","format-standard","has-post-thumbnail","hentry","category-parana","category-destaques","category-noticias"],"_links":{"self":[{"href":"https:\/\/noticiasregionais.com.br\/index.php?rest_route=\/wp\/v2\/posts\/3664","targetHints":{"allow":["GET"]}}],"collection":[{"href":"https:\/\/noticiasregionais.com.br\/index.php?rest_route=\/wp\/v2\/posts"}],"about":[{"href":"https:\/\/noticiasregionais.com.br\/index.php?rest_route=\/wp\/v2\/types\/post"}],"author":[{"embeddable":true,"href":"https:\/\/noticiasregionais.com.br\/index.php?rest_route=\/wp\/v2\/users\/1"}],"replies":[{"embeddable":true,"href":"https:\/\/noticiasregionais.com.br\/index.php?rest_route=%2Fwp%2Fv2%2Fcomments&post=3664"}],"version-history":[{"count":1,"href":"https:\/\/noticiasregionais.com.br\/index.php?rest_route=\/wp\/v2\/posts\/3664\/revisions"}],"predecessor-version":[{"id":3666,"href":"https:\/\/noticiasregionais.com.br\/index.php?rest_route=\/wp\/v2\/posts\/3664\/revisions\/3666"}],"wp:featuredmedia":[{"embeddable":true,"href":"https:\/\/noticiasregionais.com.br\/index.php?rest_route=\/wp\/v2\/media\/3665"}],"wp:attachment":[{"href":"https:\/\/noticiasregionais.com.br\/index.php?rest_route=%2Fwp%2Fv2%2Fmedia&parent=3664"}],"wp:term":[{"taxonomy":"category","embeddable":true,"href":"https:\/\/noticiasregionais.com.br\/index.php?rest_route=%2Fwp%2Fv2%2Fcategories&post=3664"},{"taxonomy":"post_tag","embeddable":true,"href":"https:\/\/noticiasregionais.com.br\/index.php?rest_route=%2Fwp%2Fv2%2Ftags&post=3664"}],"curies":[{"name":"wp","href":"https:\/\/api.w.org\/{rel}","templated":true}]}}