{"id":3668,"date":"2024-10-14T11:43:57","date_gmt":"2024-10-14T14:43:57","guid":{"rendered":"https:\/\/noticiasregionais.com.br\/?p=3668"},"modified":"2024-10-14T11:45:53","modified_gmt":"2024-10-14T14:45:53","slug":"baep-intensifica-acoes-contra-o-crime-organizado-em-santa-cruz-do-rio-pardo","status":"publish","type":"post","link":"https:\/\/noticiasregionais.com.br\/?p=3668","title":{"rendered":"BAEP intensifica a\u00e7\u00f5es contra o crime organizado em Santa Cruz do Rio Pardo"},"content":{"rendered":"\n<p>O 13\u00ba Batalh\u00e3o de A\u00e7\u00f5es Especiais de Pol\u00edcia (BAEP) tem intensificado as opera\u00e7\u00f5es na cidade de Santa Cruz do Rio Pardo, com o objetivo de combater o crime organizado e garantir a seguran\u00e7a da popula\u00e7\u00e3o. A iniciativa, que conta com o apoio do 31\u00ba Batalh\u00e3o de Pol\u00edcia Militar do Interior (31\u00ba BPM\/I), j\u00e1 demonstra resultados significativos.<\/p>\n\n\n\n<p>Em apenas os primeiros dias de outubro, as equipes do BAEP conseguiram desarticular uma c\u00e9lula do Primeiro Comando da Capital (PCC), prendendo membros da fac\u00e7\u00e3o envolvidos em atividades criminosas e apreendendo armas e drogas.<\/p>\n\n\n\n<p>Na \u00faltima semana, durante uma opera\u00e7\u00e3o coordenada, os policiais do BAEP prenderam diversos indiv\u00edduos ligados a um tribunal do crime do PCC. A a\u00e7\u00e3o resultou na apreens\u00e3o de uma pistola Glock calibre .40, muni\u00e7\u00f5es e drogas.<\/p>\n\n\n\n<p>Em outra ocorr\u00eancia, no bairro Divineia, com o aux\u00edlio do c\u00e3o policial K-9 Saluki, os policiais do 13\u00ba BAEP prenderam um indiv\u00edduo suspeito de tr\u00e1fico de drogas e apreenderam dois tabletes de maconha.<\/p>\n\n\n\n<p>Segundo o Comandante do 13\u00ba BAEP, Tenente-Coronel PM F\u00e1bio Domingues Pereira, essas a\u00e7\u00f5es demonstram o compromisso da Pol\u00edcia Militar em garantir a seguran\u00e7a dos policiais e das fam\u00edlias de bem da regi\u00e3o. &#8220;A Pol\u00edcia Militar do Estado de S\u00e3o Paulo segue empenhada em desenvolver a\u00e7\u00f5es estrat\u00e9gicas que assegurem a seguran\u00e7a p\u00fablica e combatam o crime em todas as suas formas&#8221;, afirmou o Comandante.<\/p>\n<input type=\"hidden\" id=\"baseurl\" value=\"https:\/\/noticiasregionais.com.br\"><input type=\"hidden\" id=\"audio_nonce\" value=\"533fbb67b1\">","protected":false},"excerpt":{"rendered":"<p>O 13\u00ba Batalh\u00e3o de A\u00e7\u00f5es Especiais de Pol\u00edcia (BAEP) tem intensificado as opera\u00e7\u00f5es na cidade de Santa Cruz do Rio&hellip;<\/p>\n","protected":false},"author":1,"featured_media":2316,"comment_status":"closed","ping_status":"open","sticky":false,"template":"","format":"standard","meta":{"sfsi_plus_gutenberg_text_before_share":"","sfsi_plus_gutenberg_show_text_before_share":"","sfsi_plus_gutenberg_icon_type":"","sfsi_plus_gutenberg_icon_alignemt":"","sfsi_plus_gutenburg_max_per_row":"","footnotes":""},"categories":[6,10,1],"tags":[],"class_list":["post-3668","post","type-post","status-publish","format-standard","has-post-thumbnail","hentry","category-sao_paulo","category-destaques","category-noticias"],"_links":{"self":[{"href":"https:\/\/noticiasregionais.com.br\/index.php?rest_route=\/wp\/v2\/posts\/3668","targetHints":{"allow":["GET"]}}],"collection":[{"href":"https:\/\/noticiasregionais.com.br\/index.php?rest_route=\/wp\/v2\/posts"}],"about":[{"href":"https:\/\/noticiasregionais.com.br\/index.php?rest_route=\/wp\/v2\/types\/post"}],"author":[{"embeddable":true,"href":"https:\/\/noticiasregionais.com.br\/index.php?rest_route=\/wp\/v2\/users\/1"}],"replies":[{"embeddable":true,"href":"https:\/\/noticiasregionais.com.br\/index.php?rest_route=%2Fwp%2Fv2%2Fcomments&post=3668"}],"version-history":[{"count":1,"href":"https:\/\/noticiasregionais.com.br\/index.php?rest_route=\/wp\/v2\/posts\/3668\/revisions"}],"predecessor-version":[{"id":3669,"href":"https:\/\/noticiasregionais.com.br\/index.php?rest_route=\/wp\/v2\/posts\/3668\/revisions\/3669"}],"wp:featuredmedia":[{"embeddable":true,"href":"https:\/\/noticiasregionais.com.br\/index.php?rest_route=\/wp\/v2\/media\/2316"}],"wp:attachment":[{"href":"https:\/\/noticiasregionais.com.br\/index.php?rest_route=%2Fwp%2Fv2%2Fmedia&parent=3668"}],"wp:term":[{"taxonomy":"category","embeddable":true,"href":"https:\/\/noticiasregionais.com.br\/index.php?rest_route=%2Fwp%2Fv2%2Fcategories&post=3668"},{"taxonomy":"post_tag","embeddable":true,"href":"https:\/\/noticiasregionais.com.br\/index.php?rest_route=%2Fwp%2Fv2%2Ftags&post=3668"}],"curies":[{"name":"wp","href":"https:\/\/api.w.org\/{rel}","templated":true}]}}