{"id":3671,"date":"2024-10-15T07:52:24","date_gmt":"2024-10-15T10:52:24","guid":{"rendered":"https:\/\/noticiasregionais.com.br\/?p=3671"},"modified":"2024-10-15T07:52:26","modified_gmt":"2024-10-15T10:52:26","slug":"policia-e-mp-de-sp-deflagram-operacao-contra-integrantes-de-organizacao-criminosa-em-sp","status":"publish","type":"post","link":"https:\/\/noticiasregionais.com.br\/?p=3671","title":{"rendered":"Pol\u00edcia e MP de SP deflagram opera\u00e7\u00e3o contra integrantes de organiza\u00e7\u00e3o criminosa em SP"},"content":{"rendered":"\n<h4 class=\"wp-block-heading has-text-align-center\">A\u00e7\u00e3o tem o objetivo de deter criminosos e apreender armas de fogo, drogas, ve\u00edculos, documentos e anota\u00e7\u00f5es<\/h4>\n\n\n\n<p>A Pol\u00edcia Militar e o Grupo de Atua\u00e7\u00e3o Especial de Combate ao Crime Organizado (Gaeco), do Minist\u00e9rio P\u00fablico de S\u00e3o Paulo, deflagraram a Opera\u00e7\u00e3o Zement para cumprir 10 mandados de pris\u00e3o e 16 de busca e apreens\u00e3o nas cidades de Sorocaba, Santos e Santo Andr\u00e9, nesta segunda-feira (14). At\u00e9 o momento, seis pessoas foram presas, sendo uma em flagrante por tr\u00e1fico de drogas.<\/p>\n\n\n\n<p>Al\u00e9m de deter os integrantes de uma organiza\u00e7\u00e3o criminosa, a a\u00e7\u00e3o integrada tem o objetivo de localizar e apreender armas de fogo, drogas, ve\u00edculos, documentos e anota\u00e7\u00f5es utilizados pelos investigados.<\/p>\n\n\n\n<p>LEIA TAMB\u00c9M: <a href=\"https:\/\/www.agenciasp.sp.gov.br\/investigacao-da-policia-de-sp-leva-a-apreensao-de-6-aeronaves-usadas-pelo-crime-organizado\/\" target=\"_blank\" rel=\"noopener\">Investiga\u00e7\u00e3o da pol\u00edcia de SP leva \u00e0 apreens\u00e3o de 6 aeronaves usadas pelo crime organizado<\/a><\/p>\n\n\n\n<p>A maioria dos mandados \u00e9 cumprida na cidade de Sorocaba, com seis de pris\u00e3o e 13 de busca e apreens\u00e3o. Em Santo Andr\u00e9, s\u00e3o cumpridos um de cada. J\u00e1 em Santos, s\u00e3o tr\u00eas mandados de pris\u00e3o e dois de busca e apreens\u00e3o.<\/p>\n\n\n\n<p>A Opera\u00e7\u00e3o Zement segue em andamento.<\/p>\n<input type=\"hidden\" id=\"baseurl\" value=\"https:\/\/noticiasregionais.com.br\"><input type=\"hidden\" id=\"audio_nonce\" value=\"533fbb67b1\">","protected":false},"excerpt":{"rendered":"<p>A\u00e7\u00e3o tem o objetivo de deter criminosos e apreender armas de fogo, drogas, ve\u00edculos, documentos e anota\u00e7\u00f5es A Pol\u00edcia Militar&hellip;<\/p>\n","protected":false},"author":1,"featured_media":3672,"comment_status":"closed","ping_status":"open","sticky":false,"template":"","format":"standard","meta":{"sfsi_plus_gutenberg_text_before_share":"","sfsi_plus_gutenberg_show_text_before_share":"","sfsi_plus_gutenberg_icon_type":"","sfsi_plus_gutenberg_icon_alignemt":"","sfsi_plus_gutenburg_max_per_row":"","footnotes":""},"categories":[6,10,1],"tags":[],"class_list":["post-3671","post","type-post","status-publish","format-standard","has-post-thumbnail","hentry","category-sao_paulo","category-destaques","category-noticias"],"_links":{"self":[{"href":"https:\/\/noticiasregionais.com.br\/index.php?rest_route=\/wp\/v2\/posts\/3671","targetHints":{"allow":["GET"]}}],"collection":[{"href":"https:\/\/noticiasregionais.com.br\/index.php?rest_route=\/wp\/v2\/posts"}],"about":[{"href":"https:\/\/noticiasregionais.com.br\/index.php?rest_route=\/wp\/v2\/types\/post"}],"author":[{"embeddable":true,"href":"https:\/\/noticiasregionais.com.br\/index.php?rest_route=\/wp\/v2\/users\/1"}],"replies":[{"embeddable":true,"href":"https:\/\/noticiasregionais.com.br\/index.php?rest_route=%2Fwp%2Fv2%2Fcomments&post=3671"}],"version-history":[{"count":1,"href":"https:\/\/noticiasregionais.com.br\/index.php?rest_route=\/wp\/v2\/posts\/3671\/revisions"}],"predecessor-version":[{"id":3673,"href":"https:\/\/noticiasregionais.com.br\/index.php?rest_route=\/wp\/v2\/posts\/3671\/revisions\/3673"}],"wp:featuredmedia":[{"embeddable":true,"href":"https:\/\/noticiasregionais.com.br\/index.php?rest_route=\/wp\/v2\/media\/3672"}],"wp:attachment":[{"href":"https:\/\/noticiasregionais.com.br\/index.php?rest_route=%2Fwp%2Fv2%2Fmedia&parent=3671"}],"wp:term":[{"taxonomy":"category","embeddable":true,"href":"https:\/\/noticiasregionais.com.br\/index.php?rest_route=%2Fwp%2Fv2%2Fcategories&post=3671"},{"taxonomy":"post_tag","embeddable":true,"href":"https:\/\/noticiasregionais.com.br\/index.php?rest_route=%2Fwp%2Fv2%2Ftags&post=3671"}],"curies":[{"name":"wp","href":"https:\/\/api.w.org\/{rel}","templated":true}]}}