{"id":3678,"date":"2024-10-15T12:03:54","date_gmt":"2024-10-15T15:03:54","guid":{"rendered":"https:\/\/noticiasregionais.com.br\/?p=3678"},"modified":"2024-10-15T12:04:06","modified_gmt":"2024-10-15T15:04:06","slug":"educacao-abre-processo-seletivo-para-contratacao-de-professores-adjuntos","status":"publish","type":"post","link":"https:\/\/noticiasregionais.com.br\/?p=3678","title":{"rendered":"Educa\u00e7\u00e3o abre processo seletivo para contrata\u00e7\u00e3o de professores adjuntos"},"content":{"rendered":"\n<p>Est\u00e3o abertas at\u00e9 o dia 25 de outubro de 2024 as inscri\u00e7\u00f5es do Processo Seletivo n\u00ba 01\/2024 que visa a contrata\u00e7\u00e3o tempor\u00e1ria de professores adjuntos que atuar\u00e3o na rede municipal de ensino da Prefeitura de Ourinhos. As oportunidades s\u00e3o para profissionais graduados em licenciatura nas \u00e1reas de: Educa\u00e7\u00e3o Infantil e Fundamental I; Arte; Ci\u00eancias F\u00edsicas e Biol\u00f3gicas; Educa\u00e7\u00e3o Especial; Educa\u00e7\u00e3o F\u00edsica; Geografia; Hist\u00f3ria; Inform\u00e1tica; L\u00edngua Portuguesa; L\u00edngua Inglesa; Matem\u00e1tica. A remunera\u00e7\u00e3o oferecida por hora-aula \u00e9 de R$22,90.<\/p>\n\n\n\n<p>Para se inscrever, \u00e9 necess\u00e1rio acessar o site da empresa respons\u00e1vel pela realiza\u00e7\u00e3o do Processo, a RBO Concursos (https:\/\/rboconcursos.selecao.net.br\/) e pagar a taxar de R$53,70. Os pedidos de isen\u00e7\u00e3o baseados na Lei Municipal n\u00ba 6.287\/2016 poder\u00e3o ser feitos at\u00e9 o dia 16 de outubro, conforme as regras previstas no edital.<\/p>\n\n\n\n<p>Para os que desejarem pontuar na Prova de T\u00edtulos e na Pontua\u00e7\u00e3o por tempo de servi\u00e7o ser\u00e1 necess\u00e1rio enviar os documentos por correio para a RBO Concursos at\u00e9 o dia \u00fatil subsequente ao t\u00e9rmino das inscri\u00e7\u00f5es ou entreg\u00e1-los entre os dias 14 a 18\/10 na Secretaria Municipal de Educa\u00e7\u00e3o de Ourinhos nos termos informados no edital.<\/p>\n\n\n\n<p>A prova objetiva est\u00e1 prevista para o dia 17 de novembro de 2024 para todos os cargos. Recomenda-se a leitura atenta ao edital, dispon\u00edvel no site da empresa realizadora ou no Di\u00e1rio Oficial do Munic\u00edpio n\u00ba 1.900 de 11 de outubro de 2024 e dispon\u00edvel no site oficial da Prefeitura de Ourinhos (www.ourinhos.sp.gov.br).<\/p>\n<input type=\"hidden\" id=\"baseurl\" value=\"https:\/\/noticiasregionais.com.br\"><input type=\"hidden\" id=\"audio_nonce\" value=\"533fbb67b1\">","protected":false},"excerpt":{"rendered":"<p>Est\u00e3o abertas at\u00e9 o dia 25 de outubro de 2024 as inscri\u00e7\u00f5es do Processo Seletivo n\u00ba 01\/2024 que visa a&hellip;<\/p>\n","protected":false},"author":1,"featured_media":2961,"comment_status":"closed","ping_status":"open","sticky":false,"template":"","format":"standard","meta":{"sfsi_plus_gutenberg_text_before_share":"","sfsi_plus_gutenberg_show_text_before_share":"","sfsi_plus_gutenberg_icon_type":"","sfsi_plus_gutenberg_icon_alignemt":"","sfsi_plus_gutenburg_max_per_row":"","footnotes":""},"categories":[5,10,1],"tags":[],"class_list":["post-3678","post","type-post","status-publish","format-standard","has-post-thumbnail","hentry","category-ourinhos","category-destaques","category-noticias"],"_links":{"self":[{"href":"https:\/\/noticiasregionais.com.br\/index.php?rest_route=\/wp\/v2\/posts\/3678","targetHints":{"allow":["GET"]}}],"collection":[{"href":"https:\/\/noticiasregionais.com.br\/index.php?rest_route=\/wp\/v2\/posts"}],"about":[{"href":"https:\/\/noticiasregionais.com.br\/index.php?rest_route=\/wp\/v2\/types\/post"}],"author":[{"embeddable":true,"href":"https:\/\/noticiasregionais.com.br\/index.php?rest_route=\/wp\/v2\/users\/1"}],"replies":[{"embeddable":true,"href":"https:\/\/noticiasregionais.com.br\/index.php?rest_route=%2Fwp%2Fv2%2Fcomments&post=3678"}],"version-history":[{"count":1,"href":"https:\/\/noticiasregionais.com.br\/index.php?rest_route=\/wp\/v2\/posts\/3678\/revisions"}],"predecessor-version":[{"id":3679,"href":"https:\/\/noticiasregionais.com.br\/index.php?rest_route=\/wp\/v2\/posts\/3678\/revisions\/3679"}],"wp:featuredmedia":[{"embeddable":true,"href":"https:\/\/noticiasregionais.com.br\/index.php?rest_route=\/wp\/v2\/media\/2961"}],"wp:attachment":[{"href":"https:\/\/noticiasregionais.com.br\/index.php?rest_route=%2Fwp%2Fv2%2Fmedia&parent=3678"}],"wp:term":[{"taxonomy":"category","embeddable":true,"href":"https:\/\/noticiasregionais.com.br\/index.php?rest_route=%2Fwp%2Fv2%2Fcategories&post=3678"},{"taxonomy":"post_tag","embeddable":true,"href":"https:\/\/noticiasregionais.com.br\/index.php?rest_route=%2Fwp%2Fv2%2Ftags&post=3678"}],"curies":[{"name":"wp","href":"https:\/\/api.w.org\/{rel}","templated":true}]}}