{"id":3683,"date":"2024-10-15T18:51:01","date_gmt":"2024-10-15T21:51:01","guid":{"rendered":"https:\/\/noticiasregionais.com.br\/?p=3683"},"modified":"2024-10-15T18:51:05","modified_gmt":"2024-10-15T21:51:05","slug":"rota-completa-54-anos-e-intensifica-acoes-para-o-combate-ao-crime-organizado-em-sp","status":"publish","type":"post","link":"https:\/\/noticiasregionais.com.br\/?p=3683","title":{"rendered":"Rota completa 54 anos e intensifica a\u00e7\u00f5es para o combate ao crime organizado em SP"},"content":{"rendered":"\n<h4 class=\"wp-block-heading has-text-align-center\">Evento com presen\u00e7a do governador Tarc\u00edsio de Freitas traz os novos par\u00e2metros operacionais da unidade com foco no treinamento, intelig\u00eancia e equipamentos<\/h4>\n\n\n\n<p>As Rondas Ostensivas Tobias de Aguiar (Rota) comemoraram nesta ter\u00e7a-feira (15) os 54 anos de cria\u00e7\u00e3o da unidade com uma nova diretriz de atua\u00e7\u00e3o operacional para intensificar as a\u00e7\u00f5es de apoio e enfrentamento ao crime organizado em S\u00e3o Paulo. A solenidade no 1\u00ba Batalh\u00e3o de Pol\u00edcia de Choque contou com a participa\u00e7\u00e3o do governador Tarc\u00edsio de Freitas e homenageou autoridades que contribu\u00edram e apoiaram as atividades da tropa especializada da PM.<\/p>\n\n\n\n<p>\u201cAlgumas unidades, ao longo da sua hist\u00f3ria, criam tradi\u00e7\u00e3o e alma. A Rota \u00e9 uma delas e faz a diferen\u00e7a no combate ao crime organizado, trazendo seguran\u00e7a para nossa sociedade\u201d, afirmou o governador. \u201cQuem passa por aqui tem que sentir orgulho. Estamos falando da prote\u00e7\u00e3o de um estado que representa 1\/3 do PIB nacional. S\u00e3o 44 milh\u00f5es de brasileiros vivendo em territ\u00f3rio paulista\u201d, disse Tarc\u00edsio.<\/p>\n\n\n\n<p>O evento teve a presen\u00e7a tamb\u00e9m do secret\u00e1rio de Seguran\u00e7a P\u00fablica, Guilherme Derrite, e do presidente da Assembleia Legislativa de S\u00e3o Paulo, o deputado Andr\u00e9 do Prado. Na ocasi\u00e3o, autoridades do comando da Pol\u00edcia Militar e personalidades civis receberam medalhas das Rondas Ostensivas Tobias de Aguiar.<\/p>\n\n\n\n<p>A unidade especializada da PM paulista foi criada em 1970 e desde ent\u00e3o serve \u00e0s for\u00e7as de seguran\u00e7a do Estado. Neste ano, os policiais da Rota apreenderam mais de R$ 1 milh\u00e3o em esp\u00e9cie do crime organizado. Os valores foram confiscados durante a\u00e7\u00f5es policiais e em cumprimento de mandados judiciais, que implicaram em preju\u00edzo \u00e0s fac\u00e7\u00f5es criminosas.<\/p>\n\n\n\n<p>As opera\u00e7\u00f5es da Rota tamb\u00e9m foram respons\u00e1veis pela retirada de circula\u00e7\u00e3o de mais de 1,2 tonelada de drogas, captura de 202 procurados da Justi\u00e7a e pris\u00e3o ou apreens\u00e3o de 218 infratores ao longo do ano. No per\u00edodo, a Rota tamb\u00e9m realizou mais de 30 opera\u00e7\u00f5es, averiguou 411 den\u00fancias, abordou mais de 18 mil pessoas e realizou 880 apoios \u00e0s viaturas de \u00e1rea.<\/p>\n\n\n\n<h2 class=\"wp-block-heading\">Nova diretriz<\/h2>\n\n\n\n<p>Com o aumento da viol\u00eancia promovida por grupos criminosos organizados, que fazem uso de armamentos pesados e t\u00e9cnicas agressivas, era necess\u00e1ria a ado\u00e7\u00e3o de novos processos operacionais para desarticular essas organiza\u00e7\u00f5es e garantir a prote\u00e7\u00e3o da popula\u00e7\u00e3o. Nesse contexto, a Pol\u00edcia Militar publicou a nova diretriz do 1\u00ba Batalh\u00e3o de Pol\u00edcia de Choque \u201cTobias de Aguiar\u201d Rota.<\/p>\n\n\n\n<p>O documento reformula a matriz das atividades executadas pela unidade policial que estava vigente desde 2006, refor\u00e7ando a necessidade de opera\u00e7\u00f5es policial-militares desencadeadas por unidades devidamente treinadas e equipadas para o combate a esses grupos.<\/p>\n\n\n\n<p>A nova diretriz refor\u00e7a a designa\u00e7\u00e3o da unidade policial que tem como objetivo \u201csalvar vidas, proteger o patrim\u00f4nio e preservar a ordem p\u00fablica\u201d, al\u00e9m de consolidar, institucionalmente, as atribui\u00e7\u00f5es e capacidades da Rota no combate ao crime organizado e \u00e0s organiza\u00e7\u00f5es criminosas ultraviolentas.<\/p>\n\n\n\n<p>O termo implica que a Rota, de forma rotineira, e por meio de m\u00e9todos de an\u00e1lise e planejamento operacional espec\u00edficos, realize opera\u00e7\u00f5es de patrulhamento inteligente em \u00e1reas de interesse de seguran\u00e7a p\u00fablica da capital paulista, regi\u00e3o metropolitana e do interior do estado.<\/p>\n\n\n\n<p>\u201cDe 2006 para c\u00e1 o crime organizado se sofisticou, em especial pela lavagem de dinheiro. A Rota acabou se caracterizando por ser uma tropa mais especializada no combate a esse tipo de crime. Tivemos ao longo do tempo grandes inova\u00e7\u00f5es da institui\u00e7\u00e3o, com diversos aperfei\u00e7oamentos. A nova diretriz vem para atualizar as normas internas da Rota, de acordo com a necessidade de combate atual do crime organizado\u201d, diz o secret\u00e1rio da Seguran\u00e7a P\u00fablica, Guilherme Derrite.<\/p>\n\n\n\n<p>A unidade policial tamb\u00e9m tem a miss\u00e3o de agir em a\u00e7\u00f5es contra o crime organizado e quaisquer amea\u00e7as potencialmente graves \u00e0 ordem p\u00fablica, atuando de forma a contribuir para que o policiamento territorial continue a agir preventivamente na \u00e1rea.<\/p>\n\n\n\n<p>Al\u00e9m disso, tamb\u00e9m continua dando apoio ao servi\u00e7o de intelig\u00eancia das for\u00e7as de seguran\u00e7a do estado no cumprimento de mandados de pris\u00e3o e de busca, quando a atividade for referente a indiv\u00edduos de alta periculosidade ou a\u00e7\u00f5es envolvendo o crime organizado, fac\u00e7\u00f5es criminosas e a criminalidade violenta.<\/p>\n\n\n\n<p>Dentro das suas novas atribui\u00e7\u00f5es, a Rota tamb\u00e9m se dedicar\u00e1 \u00e0 capacita\u00e7\u00e3o de outras tropas, com cursos especializados de combate ao crime organizado e a a\u00e7\u00f5es ultraviolentas. Reconhecida como um dos \u00f3rg\u00e3os gestores do conhecimento na Pol\u00edcia Militar, a Rota seguir\u00e1 propondo novos cursos, est\u00e1gios e atividades de ensino voltadas ao aprimoramento cont\u00ednuo das for\u00e7as de seguran\u00e7a do Estado.<\/p>\n<input type=\"hidden\" id=\"baseurl\" value=\"https:\/\/noticiasregionais.com.br\"><input type=\"hidden\" id=\"audio_nonce\" value=\"533fbb67b1\">","protected":false},"excerpt":{"rendered":"<p>Evento com presen\u00e7a do governador Tarc\u00edsio de Freitas traz os novos par\u00e2metros operacionais da unidade com foco no treinamento, intelig\u00eancia&hellip;<\/p>\n","protected":false},"author":1,"featured_media":3684,"comment_status":"closed","ping_status":"open","sticky":false,"template":"","format":"standard","meta":{"sfsi_plus_gutenberg_text_before_share":"","sfsi_plus_gutenberg_show_text_before_share":"","sfsi_plus_gutenberg_icon_type":"","sfsi_plus_gutenberg_icon_alignemt":"","sfsi_plus_gutenburg_max_per_row":"","footnotes":""},"categories":[6,10,1],"tags":[],"class_list":["post-3683","post","type-post","status-publish","format-standard","has-post-thumbnail","hentry","category-sao_paulo","category-destaques","category-noticias"],"_links":{"self":[{"href":"https:\/\/noticiasregionais.com.br\/index.php?rest_route=\/wp\/v2\/posts\/3683","targetHints":{"allow":["GET"]}}],"collection":[{"href":"https:\/\/noticiasregionais.com.br\/index.php?rest_route=\/wp\/v2\/posts"}],"about":[{"href":"https:\/\/noticiasregionais.com.br\/index.php?rest_route=\/wp\/v2\/types\/post"}],"author":[{"embeddable":true,"href":"https:\/\/noticiasregionais.com.br\/index.php?rest_route=\/wp\/v2\/users\/1"}],"replies":[{"embeddable":true,"href":"https:\/\/noticiasregionais.com.br\/index.php?rest_route=%2Fwp%2Fv2%2Fcomments&post=3683"}],"version-history":[{"count":1,"href":"https:\/\/noticiasregionais.com.br\/index.php?rest_route=\/wp\/v2\/posts\/3683\/revisions"}],"predecessor-version":[{"id":3685,"href":"https:\/\/noticiasregionais.com.br\/index.php?rest_route=\/wp\/v2\/posts\/3683\/revisions\/3685"}],"wp:featuredmedia":[{"embeddable":true,"href":"https:\/\/noticiasregionais.com.br\/index.php?rest_route=\/wp\/v2\/media\/3684"}],"wp:attachment":[{"href":"https:\/\/noticiasregionais.com.br\/index.php?rest_route=%2Fwp%2Fv2%2Fmedia&parent=3683"}],"wp:term":[{"taxonomy":"category","embeddable":true,"href":"https:\/\/noticiasregionais.com.br\/index.php?rest_route=%2Fwp%2Fv2%2Fcategories&post=3683"},{"taxonomy":"post_tag","embeddable":true,"href":"https:\/\/noticiasregionais.com.br\/index.php?rest_route=%2Fwp%2Fv2%2Ftags&post=3683"}],"curies":[{"name":"wp","href":"https:\/\/api.w.org\/{rel}","templated":true}]}}