{"id":3686,"date":"2024-10-16T09:41:56","date_gmt":"2024-10-16T12:41:56","guid":{"rendered":"https:\/\/noticiasregionais.com.br\/?p=3686"},"modified":"2024-10-16T09:50:10","modified_gmt":"2024-10-16T12:50:10","slug":"desenvolve-sp-promove-jornada-de-credito-em-ourinhos","status":"publish","type":"post","link":"https:\/\/noticiasregionais.com.br\/?p=3686","title":{"rendered":"Desenvolve SP promove Jornada de Cr\u00e9dito em Ourinhos"},"content":{"rendered":"\n<p>A cidade de Ourinhos vai receber no pr\u00f3ximo dia 17, a Jornada de Cr\u00e9dito da Desenvolve SP e do Banco do Povo Paulista, ligadas \u00e0 Secretaria de Desenvolvimento Econ\u00f4mico (SDE).<\/p>\n\n\n\n<p>Na oportunidade, o diretor-presidente da Desenvolve SP, Ricardo Brito e sua equipe de consultores apresentar\u00e3o as linhas de cr\u00e9dito para micros, pequenos e m\u00e9dios empreendedores.<\/p>\n\n\n\n<p>A Jornada de Cr\u00e9dito conta com apoio do SEBRAE, a Prefeitura de Ourinhos e da Associa\u00e7\u00e3o Comercial e Empresarial.<\/p>\n\n\n\n<p>Podem participar empreendedores de todos os ramos da economia (agroneg\u00f3cio, ind\u00fastria, com\u00e9rcio e servi\u00e7os).<\/p>\n\n\n\n<p>O diretor-presidente da Desenvolve SP &#8211; ag\u00eancia de fomento do Estado de S\u00e3o Paulo, Ricardo Brito, deixa o convite para Jornada de Cr\u00e9dito em Ourinhos:<br><a href=\"https:\/\/we.tl\/t-GOp6ixXuBQ\" target=\"_blank\" rel=\"noopener\">https:\/\/we.tl\/t-GOp6ixXuBQ<\/a><\/p>\n\n\n\n<p>Acesse @desenvolvesp para ficar por dentro das not\u00edcias da Ag\u00eancia do Empreendedor Paulista.<\/p>\n\n\n\n<p>Antecipe a sua inscri\u00e7\u00e3o aqui: <a href=\"https:\/\/forms.gle\/R37iuSQ6yXRp5fvB7\" target=\"_blank\" rel=\"noopener\">https:\/\/forms.gle\/R37iuSQ6yXRp5fvB7<\/a><\/p>\n\n\n<div class=\"wp-block-image\">\n<figure class=\"aligncenter size-large\"><img decoding=\"async\" width=\"819\" height=\"1024\" src=\"https:\/\/noticiasregionais.com.br\/wp-content\/uploads\/2024\/10\/WhatsApp-Image-2024-10-15-at-10.30.48-1-819x1024.jpeg\" alt=\"\" class=\"wp-image-3691\" srcset=\"https:\/\/noticiasregionais.com.br\/wp-content\/uploads\/2024\/10\/WhatsApp-Image-2024-10-15-at-10.30.48-1-819x1024.jpeg 819w, https:\/\/noticiasregionais.com.br\/wp-content\/uploads\/2024\/10\/WhatsApp-Image-2024-10-15-at-10.30.48-1-240x300.jpeg 240w, https:\/\/noticiasregionais.com.br\/wp-content\/uploads\/2024\/10\/WhatsApp-Image-2024-10-15-at-10.30.48-1-768x960.jpeg 768w, https:\/\/noticiasregionais.com.br\/wp-content\/uploads\/2024\/10\/WhatsApp-Image-2024-10-15-at-10.30.48-1.jpeg 1024w\" sizes=\"(max-width: 819px) 100vw, 819px\" \/><\/figure>\n<\/div><input type=\"hidden\" id=\"baseurl\" value=\"https:\/\/noticiasregionais.com.br\"><input type=\"hidden\" id=\"audio_nonce\" value=\"533fbb67b1\">","protected":false},"excerpt":{"rendered":"<p>A cidade de Ourinhos vai receber no pr\u00f3ximo dia 17, a Jornada de Cr\u00e9dito da Desenvolve SP e do Banco&hellip;<\/p>\n","protected":false},"author":1,"featured_media":3687,"comment_status":"closed","ping_status":"open","sticky":false,"template":"","format":"standard","meta":{"sfsi_plus_gutenberg_text_before_share":"","sfsi_plus_gutenberg_show_text_before_share":"","sfsi_plus_gutenberg_icon_type":"","sfsi_plus_gutenberg_icon_alignemt":"","sfsi_plus_gutenburg_max_per_row":"","footnotes":""},"categories":[5,10,1],"tags":[],"class_list":["post-3686","post","type-post","status-publish","format-standard","has-post-thumbnail","hentry","category-ourinhos","category-destaques","category-noticias"],"_links":{"self":[{"href":"https:\/\/noticiasregionais.com.br\/index.php?rest_route=\/wp\/v2\/posts\/3686","targetHints":{"allow":["GET"]}}],"collection":[{"href":"https:\/\/noticiasregionais.com.br\/index.php?rest_route=\/wp\/v2\/posts"}],"about":[{"href":"https:\/\/noticiasregionais.com.br\/index.php?rest_route=\/wp\/v2\/types\/post"}],"author":[{"embeddable":true,"href":"https:\/\/noticiasregionais.com.br\/index.php?rest_route=\/wp\/v2\/users\/1"}],"replies":[{"embeddable":true,"href":"https:\/\/noticiasregionais.com.br\/index.php?rest_route=%2Fwp%2Fv2%2Fcomments&post=3686"}],"version-history":[{"count":2,"href":"https:\/\/noticiasregionais.com.br\/index.php?rest_route=\/wp\/v2\/posts\/3686\/revisions"}],"predecessor-version":[{"id":3692,"href":"https:\/\/noticiasregionais.com.br\/index.php?rest_route=\/wp\/v2\/posts\/3686\/revisions\/3692"}],"wp:featuredmedia":[{"embeddable":true,"href":"https:\/\/noticiasregionais.com.br\/index.php?rest_route=\/wp\/v2\/media\/3687"}],"wp:attachment":[{"href":"https:\/\/noticiasregionais.com.br\/index.php?rest_route=%2Fwp%2Fv2%2Fmedia&parent=3686"}],"wp:term":[{"taxonomy":"category","embeddable":true,"href":"https:\/\/noticiasregionais.com.br\/index.php?rest_route=%2Fwp%2Fv2%2Fcategories&post=3686"},{"taxonomy":"post_tag","embeddable":true,"href":"https:\/\/noticiasregionais.com.br\/index.php?rest_route=%2Fwp%2Fv2%2Ftags&post=3686"}],"curies":[{"name":"wp","href":"https:\/\/api.w.org\/{rel}","templated":true}]}}