{"id":369,"date":"2023-09-14T10:45:32","date_gmt":"2023-09-14T13:45:32","guid":{"rendered":"https:\/\/noticiasregionais.com.br\/?p=369"},"modified":"2023-09-14T10:46:01","modified_gmt":"2023-09-14T13:46:01","slug":"prf-recupera-mais-dois-veiculos-adulterados-nas-rodovias-federais-paulistas","status":"publish","type":"post","link":"https:\/\/noticiasregionais.com.br\/?p=369","title":{"rendered":"PRF recupera mais dois ve\u00edculos adulterados nas rodovias federais paulistas"},"content":{"rendered":"\n<p class=\"has-text-align-center\"><strong>Compradores incautos sofrem preju\u00edzos comprando ve\u00edculos adulterados.<\/strong><\/p>\n\n\n\n<p>A venda de ve\u00edculos clonados tem causado preju\u00edzos \u00e0s pessoas que se arriscam comprando carros pela metade do pre\u00e7o nas redes sociais. Dos ve\u00edculos recuperados pela PRF, 60% s\u00e3o &#8220;clones&#8221;, ou seja, ve\u00edculos produtos de furto ou roubo que tiveram as placas, n\u00famero do chassis e motor substitu\u00eddos por dados de ve\u00edculos de mesma marca e modelo, sem queixas criminais.<\/p>\n\n\n<div class=\"wp-block-image\">\n<figure class=\"aligncenter size-full\"><img decoding=\"async\" width=\"768\" height=\"345\" src=\"https:\/\/noticiasregionais.com.br\/wp-content\/uploads\/2023\/09\/Veiculo-Furtado-Recuperado.jpeg\" alt=\"\" class=\"wp-image-370\" srcset=\"https:\/\/noticiasregionais.com.br\/wp-content\/uploads\/2023\/09\/Veiculo-Furtado-Recuperado.jpeg 768w, https:\/\/noticiasregionais.com.br\/wp-content\/uploads\/2023\/09\/Veiculo-Furtado-Recuperado-300x135.jpeg 300w\" sizes=\"(max-width: 768px) 100vw, 768px\" \/><\/figure>\n<\/div>\n\n\n<p><sub>fonte: Setor de Comunica\u00e7\u00e3o da Policia Rodovi\u00e1ria Federal<\/sub><\/p>\n<input type=\"hidden\" id=\"baseurl\" value=\"https:\/\/noticiasregionais.com.br\"><input type=\"hidden\" id=\"audio_nonce\" value=\"533fbb67b1\">","protected":false},"excerpt":{"rendered":"<p>Compradores incautos sofrem preju\u00edzos comprando ve\u00edculos adulterados. A venda de ve\u00edculos clonados tem causado preju\u00edzos \u00e0s pessoas que se arriscam&hellip;<\/p>\n","protected":false},"author":1,"featured_media":371,"comment_status":"closed","ping_status":"open","sticky":false,"template":"","format":"standard","meta":{"sfsi_plus_gutenberg_text_before_share":"","sfsi_plus_gutenberg_show_text_before_share":"","sfsi_plus_gutenberg_icon_type":"","sfsi_plus_gutenberg_icon_alignemt":"","sfsi_plus_gutenburg_max_per_row":"","footnotes":""},"categories":[6,12,1],"tags":[],"class_list":["post-369","post","type-post","status-publish","format-standard","has-post-thumbnail","hentry","category-sao_paulo","category-capa","category-noticias"],"_links":{"self":[{"href":"https:\/\/noticiasregionais.com.br\/index.php?rest_route=\/wp\/v2\/posts\/369","targetHints":{"allow":["GET"]}}],"collection":[{"href":"https:\/\/noticiasregionais.com.br\/index.php?rest_route=\/wp\/v2\/posts"}],"about":[{"href":"https:\/\/noticiasregionais.com.br\/index.php?rest_route=\/wp\/v2\/types\/post"}],"author":[{"embeddable":true,"href":"https:\/\/noticiasregionais.com.br\/index.php?rest_route=\/wp\/v2\/users\/1"}],"replies":[{"embeddable":true,"href":"https:\/\/noticiasregionais.com.br\/index.php?rest_route=%2Fwp%2Fv2%2Fcomments&post=369"}],"version-history":[{"count":2,"href":"https:\/\/noticiasregionais.com.br\/index.php?rest_route=\/wp\/v2\/posts\/369\/revisions"}],"predecessor-version":[{"id":373,"href":"https:\/\/noticiasregionais.com.br\/index.php?rest_route=\/wp\/v2\/posts\/369\/revisions\/373"}],"wp:featuredmedia":[{"embeddable":true,"href":"https:\/\/noticiasregionais.com.br\/index.php?rest_route=\/wp\/v2\/media\/371"}],"wp:attachment":[{"href":"https:\/\/noticiasregionais.com.br\/index.php?rest_route=%2Fwp%2Fv2%2Fmedia&parent=369"}],"wp:term":[{"taxonomy":"category","embeddable":true,"href":"https:\/\/noticiasregionais.com.br\/index.php?rest_route=%2Fwp%2Fv2%2Fcategories&post=369"},{"taxonomy":"post_tag","embeddable":true,"href":"https:\/\/noticiasregionais.com.br\/index.php?rest_route=%2Fwp%2Fv2%2Ftags&post=369"}],"curies":[{"name":"wp","href":"https:\/\/api.w.org\/{rel}","templated":true}]}}