{"id":3693,"date":"2024-10-17T07:59:31","date_gmt":"2024-10-17T10:59:31","guid":{"rendered":"https:\/\/noticiasregionais.com.br\/?p=3693"},"modified":"2024-10-17T07:59:33","modified_gmt":"2024-10-17T10:59:33","slug":"policia-rodoviaria-apreende-carga-milionaria-de-cocaina-em-ipaussu","status":"publish","type":"post","link":"https:\/\/noticiasregionais.com.br\/?p=3693","title":{"rendered":"Pol\u00edcia Rodovi\u00e1ria apreende carga milion\u00e1ria de coca\u00edna em Ipaussu"},"content":{"rendered":"\n<p>Ipaussu\/SP \u2013 Em uma a\u00e7\u00e3o conjunta entre a Pol\u00edcia Militar Rodovi\u00e1ria e a FICCO, na noite desta quarta-feira (16), foi deflagrada a Opera\u00e7\u00e3o Impacto\/Divisa, resultando na apreens\u00e3o de uma carga milion\u00e1ria de coca\u00edna na Rodovia Raposo Tavares (SP-270), km 352,800, em Ipaussu.<\/p>\n\n\n\n<p>Durante a fiscaliza\u00e7\u00e3o de rotina, os policiais abordaram um caminh\u00e3o M.Benz\/Axor que tracionava um reboque Randon. Em meio \u00e0 carga de alimentos, como polenta e misturas para bolos e tortas, foram encontrados diversos sacos contendo coca\u00edna.<\/p>\n\n\n\n<p>O condutor do ve\u00edculo, que n\u00e3o possui antecedentes criminais, alegou que estava transportando a droga de Londrina\/PR para Diadema\/SP. Ele foi preso em flagrante e conduzido \u00e0 Pol\u00edcia Federal de Mar\u00edlia\/SP, onde a ocorr\u00eancia foi apresentada.<\/p>\n\n\n\n<p><strong>Carga milion\u00e1ria<\/strong><\/p>\n\n\n\n<p>A Pol\u00edcia Federal apreendeu cerca de 800 tabletes de coca\u00edna, com um peso total de 832,026 kg. A carga de entorpecentes foi avaliada em aproximadamente R$ 50 milh\u00f5es.<\/p>\n\n\n\n<p><strong>Opera\u00e7\u00e3o Impacto\/Divisa<\/strong><\/p>\n\n\n\n<p>A opera\u00e7\u00e3o, que visa combater o tr\u00e1fico de drogas e outros crimes nas divisas estaduais, demonstra a import\u00e2ncia da integra\u00e7\u00e3o entre as for\u00e7as policiais no combate ao crime organizado.<\/p>\n\n\n\n<figure class=\"wp-block-gallery has-nested-images columns-default is-cropped wp-block-gallery-1 is-layout-flex wp-block-gallery-is-layout-flex\">\n<figure class=\"wp-block-image size-large\"><img decoding=\"async\" width=\"1024\" height=\"768\" data-id=\"3696\" src=\"https:\/\/noticiasregionais.com.br\/wp-content\/uploads\/2024\/10\/WhatsApp-Image-2024-10-16-at-21.47.12-1024x768.jpeg\" alt=\"\" class=\"wp-image-3696\" srcset=\"https:\/\/noticiasregionais.com.br\/wp-content\/uploads\/2024\/10\/WhatsApp-Image-2024-10-16-at-21.47.12-1024x768.jpeg 1024w, https:\/\/noticiasregionais.com.br\/wp-content\/uploads\/2024\/10\/WhatsApp-Image-2024-10-16-at-21.47.12-300x225.jpeg 300w, https:\/\/noticiasregionais.com.br\/wp-content\/uploads\/2024\/10\/WhatsApp-Image-2024-10-16-at-21.47.12-768x576.jpeg 768w, https:\/\/noticiasregionais.com.br\/wp-content\/uploads\/2024\/10\/WhatsApp-Image-2024-10-16-at-21.47.12.jpeg 1280w\" sizes=\"(max-width: 1024px) 100vw, 1024px\" \/><\/figure>\n\n\n\n<figure class=\"wp-block-image size-large\"><img decoding=\"async\" width=\"1024\" height=\"768\" data-id=\"3694\" src=\"https:\/\/noticiasregionais.com.br\/wp-content\/uploads\/2024\/10\/WhatsApp-Image-2024-10-17-at-05.59.35-1024x768.jpeg\" alt=\"\" class=\"wp-image-3694\" srcset=\"https:\/\/noticiasregionais.com.br\/wp-content\/uploads\/2024\/10\/WhatsApp-Image-2024-10-17-at-05.59.35-1024x768.jpeg 1024w, https:\/\/noticiasregionais.com.br\/wp-content\/uploads\/2024\/10\/WhatsApp-Image-2024-10-17-at-05.59.35-300x225.jpeg 300w, https:\/\/noticiasregionais.com.br\/wp-content\/uploads\/2024\/10\/WhatsApp-Image-2024-10-17-at-05.59.35-768x576.jpeg 768w, https:\/\/noticiasregionais.com.br\/wp-content\/uploads\/2024\/10\/WhatsApp-Image-2024-10-17-at-05.59.35-1536x1152.jpeg 1536w, https:\/\/noticiasregionais.com.br\/wp-content\/uploads\/2024\/10\/WhatsApp-Image-2024-10-17-at-05.59.35.jpeg 1600w\" sizes=\"(max-width: 1024px) 100vw, 1024px\" \/><\/figure>\n\n\n\n<figure class=\"wp-block-image size-large\"><img decoding=\"async\" width=\"1024\" height=\"768\" data-id=\"3695\" src=\"https:\/\/noticiasregionais.com.br\/wp-content\/uploads\/2024\/10\/WhatsApp-Image-2024-10-16-at-21.47.13-1024x768.jpeg\" alt=\"\" class=\"wp-image-3695\" srcset=\"https:\/\/noticiasregionais.com.br\/wp-content\/uploads\/2024\/10\/WhatsApp-Image-2024-10-16-at-21.47.13-1024x768.jpeg 1024w, https:\/\/noticiasregionais.com.br\/wp-content\/uploads\/2024\/10\/WhatsApp-Image-2024-10-16-at-21.47.13-300x225.jpeg 300w, https:\/\/noticiasregionais.com.br\/wp-content\/uploads\/2024\/10\/WhatsApp-Image-2024-10-16-at-21.47.13-768x576.jpeg 768w, https:\/\/noticiasregionais.com.br\/wp-content\/uploads\/2024\/10\/WhatsApp-Image-2024-10-16-at-21.47.13.jpeg 1280w\" sizes=\"(max-width: 1024px) 100vw, 1024px\" \/><\/figure>\n<\/figure>\n<input type=\"hidden\" id=\"baseurl\" value=\"https:\/\/noticiasregionais.com.br\"><input type=\"hidden\" id=\"audio_nonce\" value=\"533fbb67b1\">","protected":false},"excerpt":{"rendered":"<p>Ipaussu\/SP \u2013 Em uma a\u00e7\u00e3o conjunta entre a Pol\u00edcia Militar Rodovi\u00e1ria e a FICCO, na noite desta quarta-feira (16), foi&hellip;<\/p>\n","protected":false},"author":1,"featured_media":3697,"comment_status":"closed","ping_status":"open","sticky":false,"template":"","format":"standard","meta":{"sfsi_plus_gutenberg_text_before_share":"","sfsi_plus_gutenberg_show_text_before_share":"","sfsi_plus_gutenberg_icon_type":"","sfsi_plus_gutenberg_icon_alignemt":"","sfsi_plus_gutenburg_max_per_row":"","footnotes":""},"categories":[6,12,1],"tags":[],"class_list":["post-3693","post","type-post","status-publish","format-standard","has-post-thumbnail","hentry","category-sao_paulo","category-capa","category-noticias"],"_links":{"self":[{"href":"https:\/\/noticiasregionais.com.br\/index.php?rest_route=\/wp\/v2\/posts\/3693","targetHints":{"allow":["GET"]}}],"collection":[{"href":"https:\/\/noticiasregionais.com.br\/index.php?rest_route=\/wp\/v2\/posts"}],"about":[{"href":"https:\/\/noticiasregionais.com.br\/index.php?rest_route=\/wp\/v2\/types\/post"}],"author":[{"embeddable":true,"href":"https:\/\/noticiasregionais.com.br\/index.php?rest_route=\/wp\/v2\/users\/1"}],"replies":[{"embeddable":true,"href":"https:\/\/noticiasregionais.com.br\/index.php?rest_route=%2Fwp%2Fv2%2Fcomments&post=3693"}],"version-history":[{"count":1,"href":"https:\/\/noticiasregionais.com.br\/index.php?rest_route=\/wp\/v2\/posts\/3693\/revisions"}],"predecessor-version":[{"id":3698,"href":"https:\/\/noticiasregionais.com.br\/index.php?rest_route=\/wp\/v2\/posts\/3693\/revisions\/3698"}],"wp:featuredmedia":[{"embeddable":true,"href":"https:\/\/noticiasregionais.com.br\/index.php?rest_route=\/wp\/v2\/media\/3697"}],"wp:attachment":[{"href":"https:\/\/noticiasregionais.com.br\/index.php?rest_route=%2Fwp%2Fv2%2Fmedia&parent=3693"}],"wp:term":[{"taxonomy":"category","embeddable":true,"href":"https:\/\/noticiasregionais.com.br\/index.php?rest_route=%2Fwp%2Fv2%2Fcategories&post=3693"},{"taxonomy":"post_tag","embeddable":true,"href":"https:\/\/noticiasregionais.com.br\/index.php?rest_route=%2Fwp%2Fv2%2Ftags&post=3693"}],"curies":[{"name":"wp","href":"https:\/\/api.w.org\/{rel}","templated":true}]}}