{"id":3699,"date":"2024-10-17T09:06:03","date_gmt":"2024-10-17T12:06:03","guid":{"rendered":"https:\/\/noticiasregionais.com.br\/?p=3699"},"modified":"2024-10-17T09:06:05","modified_gmt":"2024-10-17T12:06:05","slug":"fpm-uniao-repassa-r-18-bi-aos-municipios-nesta-sexta-18-clique-no-mapa-exclusivo-e-consulte-valores","status":"publish","type":"post","link":"https:\/\/noticiasregionais.com.br\/?p=3699","title":{"rendered":"FPM: Uni\u00e3o repassa R$ 1,8 bi aos munic\u00edpios, nesta sexta (18); clique no mapa exclusivo e consulte valores"},"content":{"rendered":"\n<p class=\"has-text-align-center\"><strong>O valor \u00e9 quase 16% maior do que no mesmo per\u00edodo do ano passado<\/strong><\/p>\n\n\n\n<p>A Uni\u00e3o vai repassar nesta sexta-feira (18) um montante de R$ 1.841.215.741,83 aos munic\u00edpios brasileiros. O valor, que correspondente \u00e0 segunda parcela de outubro do Fundo de Participa\u00e7\u00e3o dos Munic\u00edpios (FPM), \u00e9 quase 16% maior do que no mesmo per\u00edodo do ano passado, quando a quantia total foi de R$ 1.590.169.580,31.&nbsp;<\/p>\n\n\n\n<p>Entre os estados da regi\u00e3o Sul do pa\u00eds, por exemplo, o destaque vai para o Rio Grande do Sul. A unidade da federa\u00e7\u00e3o vai contar com um total de R$ 116.146.658,18, que ser\u00e1 partilhado entre cidades como Vacaria, Tramanda\u00ed e Sapiranga. J\u00e1 no Sudeste, o estado de S\u00e3o Paulo recebe a maior quantia. Ao todo, ser\u00e3o R$ 226.881.379,38 distribu\u00eddos entre munic\u00edpios como Suzano, Sorocaba e S\u00e3o Jos\u00e9 do Rio Preto.&nbsp;<\/p>\n\n\n\n<p>Cesar Lima explica que existe um limite no valor que cada munic\u00edpio pode receber do FPM. Esse teto \u00e9 calculado por um coeficiente percentual que varia de acordo com v\u00e1rios fatores.<\/p>\n\n\n\n<p>\u201cO limite \u00e9 aquele coeficiente dado por v\u00e1rios fatores, entre renda per capita, IDH, entre outros. Para alguns munic\u00edpios, o FPM \u00e9 praticamente a \u00fanica receita que o munic\u00edpio tem, tirando algumas outras coisas pequenas, como o IPTU. Devido ao seu baixo dinamismo econ\u00f4mico, ele necessita, sobrevive praticamente de FPM.\u201d<\/p>\n\n\n\n<p><a href=\"https:\/\/brasil61.com\/n\/dinheiro-esquecido-usuarios-relatam-instabilidade-do-sistema-do-banco-central-bras2412827\" target=\"_blank\" rel=\"noreferrer noopener\">Dinheiro esquecido: usu\u00e1rios relatam instabilidade do sistema do Banco Central<\/a><\/p>\n\n\n\n<p><a href=\"https:\/\/brasil61.com\/n\/tcemg-faz-alerta-a-municipios-que-estao-no-limite-de-gastos-com-pessoal-bras2412828\" target=\"_blank\" rel=\"noreferrer noopener\">TCEMG faz alerta a munic\u00edpios que est\u00e3o no limite de gastos com pessoal<\/a><\/p>\n\n\n\n<p>Entre as capitais que v\u00e3o receber os maiores valores est\u00e3o Fortaleza (CE), com cerca de R$ 16 milh\u00f5es; Salvador (BA), com R$14 milh\u00f5es; e Manaus (AM), Recife (PE), S\u00e3o Lu\u00eds (MA) e Teresina (PI), com mais de R$10 milh\u00f5es, cada.<\/p>\n\n\n\n<h2 class=\"wp-block-heading\">Confira quanto seu munic\u00edpio recebe de FPM neste dec\u00eandio&nbsp;<\/h2>\n\n\n\n<figure class=\"wp-block-image\"><a href=\"https:\/\/brasil61.com\/widgets\/mapa\/505\" target=\"_blank\" rel=\"noreferrer noopener\"><img decoding=\"async\" src=\"https:\/\/brasil61.s3.us-west-2.amazonaws.com\/img\/FPM.png\" alt=\"\"\/><\/a><\/figure>\n\n\n\n<h2 class=\"wp-block-heading\">Prefeituras bloqueadas<\/h2>\n\n\n\n<p>At\u00e9 o \u00faltimo dia 15 de outubro, 13 munic\u00edpios estavam impedidos de receber o FPM, de acordo com o Sistema Integrado de Administra\u00e7\u00e3o Financeira (Siafi).<\/p>\n\n\n\n<p><strong>Verifique se a sua cidade est\u00e1 na lista<\/strong><\/p>\n\n\n\n<ul class=\"wp-block-list\">\n<li>BELA CRUZ &#8211; CE\u00a0\u00a0 \u00a0<\/li>\n\n\n\n<li>PENAFORTE &#8211; CE\u00a0\u00a0 \u00a0<\/li>\n\n\n\n<li>ITAU\u00c7U &#8211; GO\u00a0\u00a0 \u00a0<\/li>\n\n\n\n<li>ITINGA DO MARANH\u00c3O &#8211; MA\u00a0\u00a0 \u00a0<\/li>\n\n\n\n<li>VILA NOVA DOS MART\u00cdRIOS &#8211; MA\u00a0\u00a0 \u00a0<\/li>\n\n\n\n<li>CATAS ALTAS DA NORUEGA &#8211; MG\u00a0\u00a0 \u00a0<\/li>\n\n\n\n<li>JEQUERI &#8211; MG\u00a0\u00a0 \u00a0\u00a0\u00a0 \u00a0<\/li>\n\n\n\n<li>TAPIRA &#8211; MG\u00a0\u00a0 \u00a0\u00a0\u00a0 \u00a0<\/li>\n\n\n\n<li>CANARANA &#8211; MT\u00a0\u00a0 \u00a0<\/li>\n\n\n\n<li>CAPIT\u00c3O DE CAMPOS &#8211; PI\u00a0\u00a0 \u00a0<\/li>\n\n\n\n<li>MONTE ALEGRE DO PIAU\u00cd &#8211; PI\u00a0\u00a0 \u00a0<\/li>\n\n\n\n<li>GUARAQUE\u00c7ABA &#8211; PR\u00a0\u00a0 \u00a0<\/li>\n\n\n\n<li>CABO FRIO &#8211; RJ<\/li>\n<\/ul>\n\n\n\n<p>Para desbloquear o repasse, o gestor p\u00fablico deve identificar o \u00f3rg\u00e3o que determinou o congelamento. Em seguida, deve conhecer o motivo e regularizar a situa\u00e7\u00e3o. Vale lembrar que a prefeitura n\u00e3o perde os recursos bloqueados de forma definitiva. Eles ficam apenas congelados enquanto as pend\u00eancias n\u00e3o s\u00e3o regularizadas. &nbsp; &nbsp;<br>&nbsp;<\/p>\n\n\n\n<p>Fonte: <a href=\"https:\/\/brasil61.com\/n\/fpm-uniao-repassa-r-1-8-bi-aos-municipios-nesta-sexta-18-clique-no-mapa-exclusivo-e-consulte-valores-bras2412836?email=fxmendes2012@gmail.com&amp;utm_source=newsletter&amp;utm_medium=newsletter&amp;utm_campaign=newsletter\" target=\"_blank\" rel=\"noreferrer noopener\">Brasil 61<\/a><\/p>\n<input type=\"hidden\" id=\"baseurl\" value=\"https:\/\/noticiasregionais.com.br\"><input type=\"hidden\" id=\"audio_nonce\" value=\"3cdc555a10\">","protected":false},"excerpt":{"rendered":"<p>O valor \u00e9 quase 16% maior do que no mesmo per\u00edodo do ano passado A Uni\u00e3o vai repassar nesta sexta-feira&hellip;<\/p>\n","protected":false},"author":1,"featured_media":3700,"comment_status":"closed","ping_status":"open","sticky":false,"template":"","format":"standard","meta":{"sfsi_plus_gutenberg_text_before_share":"","sfsi_plus_gutenberg_show_text_before_share":"","sfsi_plus_gutenberg_icon_type":"","sfsi_plus_gutenberg_icon_alignemt":"","sfsi_plus_gutenburg_max_per_row":"","footnotes":""},"categories":[8,10,1],"tags":[],"class_list":["post-3699","post","type-post","status-publish","format-standard","has-post-thumbnail","hentry","category-brasil","category-destaques","category-noticias"],"_links":{"self":[{"href":"https:\/\/noticiasregionais.com.br\/index.php?rest_route=\/wp\/v2\/posts\/3699","targetHints":{"allow":["GET"]}}],"collection":[{"href":"https:\/\/noticiasregionais.com.br\/index.php?rest_route=\/wp\/v2\/posts"}],"about":[{"href":"https:\/\/noticiasregionais.com.br\/index.php?rest_route=\/wp\/v2\/types\/post"}],"author":[{"embeddable":true,"href":"https:\/\/noticiasregionais.com.br\/index.php?rest_route=\/wp\/v2\/users\/1"}],"replies":[{"embeddable":true,"href":"https:\/\/noticiasregionais.com.br\/index.php?rest_route=%2Fwp%2Fv2%2Fcomments&post=3699"}],"version-history":[{"count":1,"href":"https:\/\/noticiasregionais.com.br\/index.php?rest_route=\/wp\/v2\/posts\/3699\/revisions"}],"predecessor-version":[{"id":3701,"href":"https:\/\/noticiasregionais.com.br\/index.php?rest_route=\/wp\/v2\/posts\/3699\/revisions\/3701"}],"wp:featuredmedia":[{"embeddable":true,"href":"https:\/\/noticiasregionais.com.br\/index.php?rest_route=\/wp\/v2\/media\/3700"}],"wp:attachment":[{"href":"https:\/\/noticiasregionais.com.br\/index.php?rest_route=%2Fwp%2Fv2%2Fmedia&parent=3699"}],"wp:term":[{"taxonomy":"category","embeddable":true,"href":"https:\/\/noticiasregionais.com.br\/index.php?rest_route=%2Fwp%2Fv2%2Fcategories&post=3699"},{"taxonomy":"post_tag","embeddable":true,"href":"https:\/\/noticiasregionais.com.br\/index.php?rest_route=%2Fwp%2Fv2%2Ftags&post=3699"}],"curies":[{"name":"wp","href":"https:\/\/api.w.org\/{rel}","templated":true}]}}