{"id":3702,"date":"2024-10-17T09:58:59","date_gmt":"2024-10-17T12:58:59","guid":{"rendered":"https:\/\/noticiasregionais.com.br\/?p=3702"},"modified":"2024-10-17T09:59:11","modified_gmt":"2024-10-17T12:59:11","slug":"defesa-civil-do-estado-alerta-para-chuvas-e-ventos-intensos-entre-sexta-e-domingo-em-sp","status":"publish","type":"post","link":"https:\/\/noticiasregionais.com.br\/?p=3702","title":{"rendered":"Defesa Civil do Estado alerta para chuvas e ventos intensos entre sexta e domingo em SP"},"content":{"rendered":"\n<p class=\"has-text-align-center\"><strong>Acumulado pluviom\u00e9trico pode chegar a 200 mil\u00edmetros em algumas regi\u00f5es, com ventos de at\u00e9 60 km\/h<\/strong><\/p>\n\n\n\n<p>A Defesa Civil do Estado de S\u00e3o Paulo emitiu um alerta para pancadas de chuva e rajadas de vento entre sexta-feira (18) e domingo (20). O alerta \u00e9 devido \u00e0 passagem de uma frente fria, que trar\u00e1 precipita\u00e7\u00f5es significativas, acompanhadas de raios, rajadas de vento podendo chegar a mais de 60km\/h e poss\u00edveis quedas de granizo em pontos isolados. O acumulado de chuvas no final de semana pode chegar a 200 mil\u00edmetros em diversas regi\u00f5es do Estado.<\/p>\n\n\n\n<p>\u201c\u00c9 importante que as pessoas se atentem aos alertas e tenham a percep\u00e7\u00e3o de risco em caso de chuva e ventos fortes. Evitem \u00e1reas abertas, encostas, tomem cuidado com quedas de \u00e1rvores e busquem abrigo e um local seguro\u201d, afirmou o Secret\u00e1rio-Chefe da Casa Militar e Coordenador Estadual de Prote\u00e7\u00e3o e Defesa Civil , coronel Henguel Ricardo Pereira.<\/p>\n\n\n\n<p><strong>LEIA MAIS:<\/strong> <a href=\"https:\/\/www.agenciasp.sp.gov.br\/aviso-meteorologico-interior-de-sao-paulo-deve-ter-maior-volume-de-chuva-do-estado\/\" target=\"_blank\" rel=\"noopener\">Aviso meteorol\u00f3gico: interior de S\u00e3o Paulo deve ter maior volume de chuva do estado<\/a><\/p>\n\n\n\n<h2 class=\"wp-block-heading\"><strong>Previs\u00e3o de chuva<\/strong><\/h2>\n\n\n\n<p>H\u00e1 previs\u00e3o de pancadas de chuva forte e condi\u00e7\u00f5es para temporais com raios e rajadas de vento em todas as regi\u00f5es do estado, com destaque para a Serra da Mantiqueira. Confira a previs\u00e3o para os acumulados de chuva:<\/p>\n\n\n\n<ul class=\"wp-block-list\">\n<li>Regi\u00e3o Metropolitana: 95 mm<\/li>\n\n\n\n<li>Vale do Ribeira e Itapeva: 60 mm<\/li>\n\n\n\n<li>Presidente Prudente: 90 mm<\/li>\n\n\n\n<li>Baixada Santista e Vale do Para\u00edba: 100 mm<\/li>\n\n\n\n<li>Litoral Norte: 150 mm<\/li>\n\n\n\n<li>Ara\u00e7atuba, Bauru, Campinas, Franca, Barretos, Ribeir\u00e3o Preto, S\u00e3o Jos\u00e9 do Rio Preto, Sorocaba, Serra da Mantiqueira: 200 mm<\/li>\n<\/ul>\n\n\n<div class=\"wp-block-image\">\n<figure class=\"aligncenter\"><img decoding=\"async\" src=\"http:\/\/www.agenciasp.sp.gov.br\/wp-content\/uploads\/2024\/10\/Mapa-com-previsao-meteorologica-para-Sao-Paulo.png\" alt=\"\" class=\"wp-image-25231\"\/><\/figure>\n<\/div>\n\n\n<h2 class=\"wp-block-heading\"><strong>Orienta\u00e7\u00f5es de seguran\u00e7a:<\/strong><\/h2>\n\n\n\n<ul class=\"wp-block-list\">\n<li>Evite lugares abertos, como praias, campos de futebol e estacionamentos<\/li>\n\n\n\n<li>Evite ficar perto de objetos altos e isolados, como \u00e1rvores, postes, caixas d\u2019\u00e1gua e quiosques<\/li>\n\n\n\n<li>No momento da chuva mantenha dist\u00e2ncia de aparelhos e objetos ligados \u00e0 rede el\u00e9trica, como geladeiras, fog\u00f5es e TVs<\/li>\n\n\n\n<li>Evite tomar banho durante a tempestade<\/li>\n\n\n\n<li>Em caso de ventos fortes, tenha cuidado com a queda de \u00e1rvores, postes, fios e sem\u00e1foros<\/li>\n\n\n\n<li>N\u00e3o desafie a for\u00e7a das \u00e1guas, n\u00e3o tente transpor uma enxurrada ou andar em \u00e1reas de alagadas<\/li>\n\n\n\n<li>Se estiver em uma \u00e1rea de encosta, observe sinais de movimenta\u00e7\u00e3o do solo, como rachaduras nas paredes, \u00e1rvores e postes inclinados, e \u00e1gua lamacenta<\/li>\n\n\n\n<li>Se um fio energizado cair sobre o ve\u00edculo, permane\u00e7a dentro do carro e ligue para o servi\u00e7o de emerg\u00eancia<\/li>\n<\/ul>\n<input type=\"hidden\" id=\"baseurl\" value=\"https:\/\/noticiasregionais.com.br\"><input type=\"hidden\" id=\"audio_nonce\" value=\"533fbb67b1\">","protected":false},"excerpt":{"rendered":"<p>Acumulado pluviom\u00e9trico pode chegar a 200 mil\u00edmetros em algumas regi\u00f5es, com ventos de at\u00e9 60 km\/h A Defesa Civil do&hellip;<\/p>\n","protected":false},"author":1,"featured_media":3703,"comment_status":"closed","ping_status":"open","sticky":false,"template":"","format":"standard","meta":{"sfsi_plus_gutenberg_text_before_share":"","sfsi_plus_gutenberg_show_text_before_share":"","sfsi_plus_gutenberg_icon_type":"","sfsi_plus_gutenberg_icon_alignemt":"","sfsi_plus_gutenburg_max_per_row":"","footnotes":""},"categories":[6,10,1],"tags":[],"class_list":["post-3702","post","type-post","status-publish","format-standard","has-post-thumbnail","hentry","category-sao_paulo","category-destaques","category-noticias"],"_links":{"self":[{"href":"https:\/\/noticiasregionais.com.br\/index.php?rest_route=\/wp\/v2\/posts\/3702","targetHints":{"allow":["GET"]}}],"collection":[{"href":"https:\/\/noticiasregionais.com.br\/index.php?rest_route=\/wp\/v2\/posts"}],"about":[{"href":"https:\/\/noticiasregionais.com.br\/index.php?rest_route=\/wp\/v2\/types\/post"}],"author":[{"embeddable":true,"href":"https:\/\/noticiasregionais.com.br\/index.php?rest_route=\/wp\/v2\/users\/1"}],"replies":[{"embeddable":true,"href":"https:\/\/noticiasregionais.com.br\/index.php?rest_route=%2Fwp%2Fv2%2Fcomments&post=3702"}],"version-history":[{"count":1,"href":"https:\/\/noticiasregionais.com.br\/index.php?rest_route=\/wp\/v2\/posts\/3702\/revisions"}],"predecessor-version":[{"id":3704,"href":"https:\/\/noticiasregionais.com.br\/index.php?rest_route=\/wp\/v2\/posts\/3702\/revisions\/3704"}],"wp:featuredmedia":[{"embeddable":true,"href":"https:\/\/noticiasregionais.com.br\/index.php?rest_route=\/wp\/v2\/media\/3703"}],"wp:attachment":[{"href":"https:\/\/noticiasregionais.com.br\/index.php?rest_route=%2Fwp%2Fv2%2Fmedia&parent=3702"}],"wp:term":[{"taxonomy":"category","embeddable":true,"href":"https:\/\/noticiasregionais.com.br\/index.php?rest_route=%2Fwp%2Fv2%2Fcategories&post=3702"},{"taxonomy":"post_tag","embeddable":true,"href":"https:\/\/noticiasregionais.com.br\/index.php?rest_route=%2Fwp%2Fv2%2Ftags&post=3702"}],"curies":[{"name":"wp","href":"https:\/\/api.w.org\/{rel}","templated":true}]}}