{"id":3705,"date":"2024-10-17T21:12:14","date_gmt":"2024-10-18T00:12:14","guid":{"rendered":"https:\/\/noticiasregionais.com.br\/?p=3705"},"modified":"2024-10-17T21:12:26","modified_gmt":"2024-10-18T00:12:26","slug":"sp-monta-gabinete-de-crise-para-enfrentamento-as-chuvas-a-partir-de-8h-desta-sexta-18","status":"publish","type":"post","link":"https:\/\/noticiasregionais.com.br\/?p=3705","title":{"rendered":"SP monta gabinete de crise para enfrentamento \u00e0s chuvas a partir de 8h desta sexta (18)"},"content":{"rendered":"\n<p class=\"has-text-align-center\"><strong>Defesa Civil do Estado ter\u00e1 t\u00e9cnicos dentro da Enel durante passagem de temporal previsto para o fim de semana<\/strong><\/p>\n\n\n\n<p>O Governo de S\u00e3o Paulo ir\u00e1 instalar a partir de amanh\u00e3 (18) um gabinete de crise para garantir a pronta resposta \u00e0 popula\u00e7\u00e3o em caso de emerg\u00eancia causada pelas&nbsp;<a href=\"https:\/\/www.agenciasp.sp.gov.br\/defesa-civil-do-estado-alerta-para-chuvas-e-ventos-intensos-entre-sexta-e-domingo-em-sp\/\" target=\"_blank\" rel=\"noopener\">chuvas previstas para este final de semana no estado<\/a>. As&nbsp;<a href=\"https:\/\/www.agenciasp.sp.gov.br\/tcu-acolhe-pedido-do-governo-de-sp-e-prefeitos-e-determina-abertura-de-dados-da-enel\/\" target=\"_blank\" rel=\"noopener\">empresas de energia el\u00e9trica<\/a>&nbsp;ter\u00e3o um representante no gabinete, permitindo uma comunica\u00e7\u00e3o mais \u00e1gil e a\u00e7\u00f5es mais efetivas de monitoramento e controle.<\/p>\n\n\n\n<p><strong>LEIA TAMB\u00c9M:&nbsp;<\/strong><a href=\"https:\/\/www.agenciasp.sp.gov.br\/defesa-civil-do-estado-alerta-para-chuvas-e-ventos-intensos-entre-sexta-e-domingo-em-sp\/\" target=\"_blank\" rel=\"noopener\">Defesa Civil do Estado alerta para chuvas e ventos intensos entre sexta e domingo em SP<\/a><\/p>\n\n\n\n<p>A cria\u00e7\u00e3o do gabinete foi anunciada em reuni\u00e3o no Pal\u00e1cio dos Bandeirantes. No encontro, o governador Tarc\u00edsio de Freitas ainda cobrou um plano de a\u00e7\u00e3o completo das concession\u00e1rias de energia para a resposta aos eventos meteorol\u00f3gicos e o compartilhamento imediato das informa\u00e7\u00f5es dos centros de controle operacionais das empresas com o Gabinete de Crise estadual.<\/p>\n\n\n\n<p>\u201cPrecisamos nos preparar para a pronta resposta. O objetivo da reuni\u00e3o \u00e9 aferir qual \u00e9 o grau de prontid\u00e3o das empresas em vista do que aconteceu no \u00faltimo evento, que foi inaceit\u00e1vel. Isso \u00e9 muito s\u00e9rio. \u00c9 absurdo e muito triste as pessoas ficarem dias sem energia el\u00e9trica. Vamos exigir todas as medidas poss\u00edveis por parte da concessionaria\u201d, afirmou o governador Tarc\u00edsio de Freitas.<\/p>\n\n\n\n<p>De acordo com a Defesa Civil do Estado, entre sexta e domingo,&nbsp;<a href=\"https:\/\/www.agenciasp.sp.gov.br\/aviso-meteorologico-interior-de-sao-paulo-deve-ter-maior-volume-de-chuva-do-estado\/\" target=\"_blank\" rel=\"noopener\">o estado pode enfrentar pancadas de chuva<\/a>&nbsp;e rajadas de vento superiores a 60 km\/h entre sexta e domingo. No encontro, o \u00f3rg\u00e3o apresentou um cen\u00e1rio meteorol\u00f3gico detalhado para os pr\u00f3ximos dias, enfatizando as chances de eventos extremos.<\/p>\n\n\n\n<p>Tarc\u00edsio ainda informou que representantes do governo estar\u00e3o presentes no Centro Operacional da Enel nos pr\u00f3ximos tr\u00eas dias. Outra exig\u00eancia feita pela gest\u00e3o estadual \u00e0s concession\u00e1rias foi um mapeamento completo dos pontos mais cr\u00edticos que podem sofrer danos no fornecimento de energia, como unidades hospitalares e postos de distribui\u00e7\u00e3o de \u00e1gua da&nbsp;<a href=\"https:\/\/www.agenciasp.sp.gov.br\/sabesp-familias-no-cadunico-terao-acesso-automatico-a-tarifas-social-e-vulneravel\/\" target=\"_blank\" rel=\"noopener\">Sabesp<\/a>.<\/p>\n\n\n\n<p>Estiveram presentes na reuni\u00e3o o Coordenador Estadual de Prote\u00e7\u00e3o e Defesa Civil Estadual, coronel PM Henguel Ricardo Pereira; secret\u00e1rios da gest\u00e3o estadual, o prefeito de S\u00e3o Paulo, Ricardo Nunes, e o prefeito de Tabo\u00e3o da Serra, al\u00e9m do diretor-presidente da Arsesp, Thiago Nunes; o diretor-geral da Ag\u00eancia Nacional de Energia El\u00e9trica (Aneel), Sandoval Feitosa; o presidente da Sabesp, Carlos Piani, entre outras autoridades. Representantes da Enel e demais concession\u00e1rias que atuam no estado tamb\u00e9m participaram.<\/p>\n\n\n\n<h2 class=\"wp-block-heading\">Alerta meteorol\u00f3gico<\/h2>\n\n\n\n<p>A Defesa Civil Estadual emitiu um alerta para pancadas de chuva e rajadas de vento entre sexta-feira (18) e domingo (20). O alerta \u00e9 devido \u00e0 passagem de uma frente fria, que trar\u00e1 precipita\u00e7\u00f5es significativas, acompanhadas de raios, rajadas de vento podendo chegar a mais de 60km\/h e poss\u00edveis quedas de granizo em pontos isolados. O acumulado de chuvas no final de semana pode chegar a 200 mil\u00edmetros em diversas regi\u00f5es do Estado.<\/p>\n\n\n\n<p>O \u00f3rg\u00e3o ainda notificou as concession\u00e1rias para que apresentem um plano de conting\u00eancia e uma s\u00e9rie de a\u00e7\u00f5es de mitiga\u00e7\u00e3o de poss\u00edveis danos e interrup\u00e7\u00f5es no fornecimento de energia, al\u00e9m de refor\u00e7ar as equipes de atendimento \u00e0 popula\u00e7\u00e3o.<\/p>\n\n\n\n<p>Em of\u00edcio, o secret\u00e1rio chefe da Casa Militar e coordenador da Defesa Civil, coronel Henguel Ricardo Pereira, solicitou que as empresas apresentem um plano de conting\u00eancia e uma s\u00e9rie de a\u00e7\u00f5es de mitiga\u00e7\u00e3o de poss\u00edveis danos e interrup\u00e7\u00f5es no fornecimento de energia, al\u00e9m de refor\u00e7ar as equipes de atendimento \u00e0 popula\u00e7\u00e3o.<\/p>\n\n\n<div class=\"wp-block-image\">\n<figure class=\"aligncenter\"><img decoding=\"async\" src=\"http:\/\/www.agenciasp.sp.gov.br\/wp-content\/uploads\/2024\/10\/Mapa-com-previsao-meteorologica-para-Sao-Paulo.png\" alt=\"\" class=\"wp-image-25231\"\/><\/figure>\n<\/div><input type=\"hidden\" id=\"baseurl\" value=\"https:\/\/noticiasregionais.com.br\"><input type=\"hidden\" id=\"audio_nonce\" value=\"3cdc555a10\">","protected":false},"excerpt":{"rendered":"<p>Defesa Civil do Estado ter\u00e1 t\u00e9cnicos dentro da Enel durante passagem de temporal previsto para o fim de semana O&hellip;<\/p>\n","protected":false},"author":1,"featured_media":3706,"comment_status":"closed","ping_status":"open","sticky":false,"template":"","format":"standard","meta":{"sfsi_plus_gutenberg_text_before_share":"","sfsi_plus_gutenberg_show_text_before_share":"","sfsi_plus_gutenberg_icon_type":"","sfsi_plus_gutenberg_icon_alignemt":"","sfsi_plus_gutenburg_max_per_row":"","footnotes":""},"categories":[6,10,1],"tags":[],"class_list":["post-3705","post","type-post","status-publish","format-standard","has-post-thumbnail","hentry","category-sao_paulo","category-destaques","category-noticias"],"_links":{"self":[{"href":"https:\/\/noticiasregionais.com.br\/index.php?rest_route=\/wp\/v2\/posts\/3705","targetHints":{"allow":["GET"]}}],"collection":[{"href":"https:\/\/noticiasregionais.com.br\/index.php?rest_route=\/wp\/v2\/posts"}],"about":[{"href":"https:\/\/noticiasregionais.com.br\/index.php?rest_route=\/wp\/v2\/types\/post"}],"author":[{"embeddable":true,"href":"https:\/\/noticiasregionais.com.br\/index.php?rest_route=\/wp\/v2\/users\/1"}],"replies":[{"embeddable":true,"href":"https:\/\/noticiasregionais.com.br\/index.php?rest_route=%2Fwp%2Fv2%2Fcomments&post=3705"}],"version-history":[{"count":1,"href":"https:\/\/noticiasregionais.com.br\/index.php?rest_route=\/wp\/v2\/posts\/3705\/revisions"}],"predecessor-version":[{"id":3707,"href":"https:\/\/noticiasregionais.com.br\/index.php?rest_route=\/wp\/v2\/posts\/3705\/revisions\/3707"}],"wp:featuredmedia":[{"embeddable":true,"href":"https:\/\/noticiasregionais.com.br\/index.php?rest_route=\/wp\/v2\/media\/3706"}],"wp:attachment":[{"href":"https:\/\/noticiasregionais.com.br\/index.php?rest_route=%2Fwp%2Fv2%2Fmedia&parent=3705"}],"wp:term":[{"taxonomy":"category","embeddable":true,"href":"https:\/\/noticiasregionais.com.br\/index.php?rest_route=%2Fwp%2Fv2%2Fcategories&post=3705"},{"taxonomy":"post_tag","embeddable":true,"href":"https:\/\/noticiasregionais.com.br\/index.php?rest_route=%2Fwp%2Fv2%2Ftags&post=3705"}],"curies":[{"name":"wp","href":"https:\/\/api.w.org\/{rel}","templated":true}]}}