{"id":3708,"date":"2024-10-17T21:24:31","date_gmt":"2024-10-18T00:24:31","guid":{"rendered":"https:\/\/noticiasregionais.com.br\/?p=3708"},"modified":"2024-10-17T21:24:34","modified_gmt":"2024-10-18T00:24:34","slug":"policia-rodoviaria-apreende-grande-quantidade-de-maconha-na-rodovia-raposo-tavares","status":"publish","type":"post","link":"https:\/\/noticiasregionais.com.br\/?p=3708","title":{"rendered":"Pol\u00edcia Rodovi\u00e1ria apreende grande quantidade de maconha na Rodovia Raposo Tavares"},"content":{"rendered":"\n<p><strong>Assis, 17 de outubro de 2024 &#8211;<\/strong> Em mais uma a\u00e7\u00e3o de combate ao tr\u00e1fico de drogas, a Pol\u00edcia Militar de S\u00e3o Paulo interceptou uma carreta carregada de maconha na Rodovia Raposo Tavares, em Maracai. A apreens\u00e3o ocorreu na tarde desta quinta-feira (17), durante a Opera\u00e7\u00e3o Impacto.<\/p>\n\n\n\n<p>Durante uma fiscaliza\u00e7\u00e3o de rotina, policiais militares abordaram um conjunto de ve\u00edculos composto por um trator e dois semirreboques. Ao realizarem uma vistoria minuciosa, os agentes encontraram diversos fardos de maconha escondidos em um dos semirreboques.<\/p>\n\n\n\n<p>O motorista da carreta foi detido e encaminhado para a Central de Pol\u00edcia Judici\u00e1ria de Assis, onde ser\u00e1 apresentado \u00e0 autoridade policial. A quantidade exata de droga apreendida ainda n\u00e3o foi divulgada.<\/p>\n<input type=\"hidden\" id=\"baseurl\" value=\"https:\/\/noticiasregionais.com.br\"><input type=\"hidden\" id=\"audio_nonce\" value=\"533fbb67b1\">","protected":false},"excerpt":{"rendered":"<p>Assis, 17 de outubro de 2024 &#8211; Em mais uma a\u00e7\u00e3o de combate ao tr\u00e1fico de drogas, a Pol\u00edcia Militar&hellip;<\/p>\n","protected":false},"author":1,"featured_media":3709,"comment_status":"closed","ping_status":"open","sticky":false,"template":"","format":"standard","meta":{"sfsi_plus_gutenberg_text_before_share":"","sfsi_plus_gutenberg_show_text_before_share":"","sfsi_plus_gutenberg_icon_type":"","sfsi_plus_gutenberg_icon_alignemt":"","sfsi_plus_gutenburg_max_per_row":"","footnotes":""},"categories":[6,12,1],"tags":[],"class_list":["post-3708","post","type-post","status-publish","format-standard","has-post-thumbnail","hentry","category-sao_paulo","category-capa","category-noticias"],"_links":{"self":[{"href":"https:\/\/noticiasregionais.com.br\/index.php?rest_route=\/wp\/v2\/posts\/3708","targetHints":{"allow":["GET"]}}],"collection":[{"href":"https:\/\/noticiasregionais.com.br\/index.php?rest_route=\/wp\/v2\/posts"}],"about":[{"href":"https:\/\/noticiasregionais.com.br\/index.php?rest_route=\/wp\/v2\/types\/post"}],"author":[{"embeddable":true,"href":"https:\/\/noticiasregionais.com.br\/index.php?rest_route=\/wp\/v2\/users\/1"}],"replies":[{"embeddable":true,"href":"https:\/\/noticiasregionais.com.br\/index.php?rest_route=%2Fwp%2Fv2%2Fcomments&post=3708"}],"version-history":[{"count":1,"href":"https:\/\/noticiasregionais.com.br\/index.php?rest_route=\/wp\/v2\/posts\/3708\/revisions"}],"predecessor-version":[{"id":3710,"href":"https:\/\/noticiasregionais.com.br\/index.php?rest_route=\/wp\/v2\/posts\/3708\/revisions\/3710"}],"wp:featuredmedia":[{"embeddable":true,"href":"https:\/\/noticiasregionais.com.br\/index.php?rest_route=\/wp\/v2\/media\/3709"}],"wp:attachment":[{"href":"https:\/\/noticiasregionais.com.br\/index.php?rest_route=%2Fwp%2Fv2%2Fmedia&parent=3708"}],"wp:term":[{"taxonomy":"category","embeddable":true,"href":"https:\/\/noticiasregionais.com.br\/index.php?rest_route=%2Fwp%2Fv2%2Fcategories&post=3708"},{"taxonomy":"post_tag","embeddable":true,"href":"https:\/\/noticiasregionais.com.br\/index.php?rest_route=%2Fwp%2Fv2%2Ftags&post=3708"}],"curies":[{"name":"wp","href":"https:\/\/api.w.org\/{rel}","templated":true}]}}