{"id":3711,"date":"2024-10-18T18:57:32","date_gmt":"2024-10-18T21:57:32","guid":{"rendered":"https:\/\/noticiasregionais.com.br\/?p=3711"},"modified":"2024-10-18T18:57:34","modified_gmt":"2024-10-18T21:57:34","slug":"defesa-civil-do-estado-atualiza-alerta-para-chuvas-e-ventos-intensos-para-o-fim-de-semana-em-sp","status":"publish","type":"post","link":"https:\/\/noticiasregionais.com.br\/?p=3711","title":{"rendered":"Defesa Civil do Estado atualiza alerta para chuvas e ventos intensos para o fim de semana em SP"},"content":{"rendered":"\n<p class=\"has-text-align-center\"><strong>Acumulado pluviom\u00e9trico sobe para 250 mil\u00edmetros em algumas regi\u00f5es; governador esteve no gabinete de crise nesta sexta-feira (18)<\/strong><\/p>\n\n\n\n<p>A Defesa Civil do Estado de S\u00e3o Paulo atualizou&nbsp;<a href=\"https:\/\/www.agenciasp.sp.gov.br\/defesa-civil-do-estado-alerta-para-chuvas-e-ventos-intensos-entre-sexta-e-domingo-em-sp\/\" target=\"_blank\" rel=\"noopener\">a previs\u00e3o para tempestades entre sexta-feira (18) e domingo (20)<\/a>, com previs\u00e3o de aumento no volume de chuvas. O alerta \u00e9 motivado pela passagem de uma frente fria, que trar\u00e1 precipita\u00e7\u00f5es significativas, acompanhadas de raios, rajadas de vento de mais de 60km\/h e por poss\u00edveis quedas de granizo em pontos isolados.<\/p>\n\n\n\n<p>O acumulado de chuvas no final de semana, que era de 200 mil\u00edmetros, pode chegar a 250 mil\u00edmetros&nbsp;<a href=\"https:\/\/www.agenciasp.sp.gov.br\/aviso-meteorologico-interior-de-sao-paulo-deve-ter-maior-volume-de-chuva-do-estado\/\" target=\"_blank\" rel=\"noopener\">em diversas regi\u00f5es do estado<\/a>. Outra altera\u00e7\u00e3o \u00e9 o per\u00edodo do acumulado que era de 72 horas e passou para 24 horas.<\/p>\n\n\n\n<p>\u201cEssa atualiza\u00e7\u00e3o est\u00e1 relacionada principalmente \u00e0 mudan\u00e7a em rela\u00e7\u00e3o ao per\u00edodo dos acumulados de chuva. No alerta anterior que emitimos de sexta at\u00e9 domingo tinha acumulados para 72 horas. Ou seja, essa chuva persistia durante tr\u00eas dias. Agora, o que n\u00f3s temos \u00e9 um acumulado mais denso em 24 horas\u201d, explica o capit\u00e3o Roberto Farina, diretor de comunica\u00e7\u00e3o da Defesa Civil.<\/p>\n\n\n\n<p><a href=\"https:\/\/www.agenciasp.sp.gov.br\/sp-monta-gabinete-de-crise-para-enfrentamento-as-chuvas-a-partir-de-8h-desta-sexta-18\/\" target=\"_blank\" rel=\"noopener\">O Governo de S\u00e3o Paulo instalou nesta sexta-feira um gabinete de crise no Pal\u00e1cio dos Bandeirantes para monitorar a situa\u00e7\u00e3o.<\/a>&nbsp;O governador Tarc\u00edsio de Freitas acompanhou os trabalhos no in\u00edcio da tarde. As empresas de energia el\u00e9trica tamb\u00e9m participam do gabinete, com um representante de cada concession\u00e1ria, permitindo uma comunica\u00e7\u00e3o mais \u00e1gil e a\u00e7\u00f5es mais efetivas de monitoramento e controle.<\/p>\n\n\n<div class=\"wp-block-image\">\n<figure class=\"aligncenter\"><img decoding=\"async\" src=\"http:\/\/www.agenciasp.sp.gov.br\/wp-content\/uploads\/2024\/10\/54076482430_defae486a3_k-1024x684.jpg\" alt=\"\" class=\"wp-image-25699\"\/><figcaption class=\"wp-element-caption\">Empresas de energia el\u00e9trica t\u00eam um representante no gabinete de crise. Foto: Divulga\u00e7\u00e3o\/Governo de SP<\/figcaption><\/figure>\n<\/div>\n\n\n<h2 class=\"wp-block-heading\">Envio de cestas b\u00e1sicas<\/h2>\n\n\n\n<p><br>A previs\u00e3o de temporais em todo o estado chega apenas uma semana depois das chuvas e ventos intensos que deixaram cerca de meio milh\u00e3o de pessoas sem fornecimento de energia el\u00e9trica na Regi\u00e3o Metropolitana de S\u00e3o Paulo.<\/p>\n\n\n\n<p>A gest\u00e3o paulista ainda enviou 220 cestas b\u00e1sicas para comunidades da capital que foram afetadas pelo tempo prolongado sem fornecimento de energia, em Santo Amaro e no Campo Limpo.<\/p>\n\n\n<div class=\"wp-block-image\">\n<figure class=\"aligncenter\"><img decoding=\"async\" src=\"http:\/\/www.agenciasp.sp.gov.br\/wp-content\/uploads\/2024\/10\/WhatsApp-Image-2024-10-18-at-13.56.17-1-1024x461.jpeg\" alt=\"\" class=\"wp-image-25700\"\/><figcaption class=\"wp-element-caption\">Defesa Civil enviou ajuda humanit\u00e1ria para duas comunidades que sofreram com a falta de energia. Foto: Divulga\u00e7\u00e3o\/Governo de SP<\/figcaption><\/figure>\n<\/div>\n\n\n<h2 class=\"wp-block-heading\">Previs\u00e3o de chuva<\/h2>\n\n\n\n<p><br>H\u00e1 previs\u00e3o de pancadas de chuva forte e condi\u00e7\u00f5es para temporais com raios e rajadas de vento em todas as regi\u00f5es do estado, com destaque para a Serra da Mantiqueira. Confira a previs\u00e3o para os acumulados:<\/p>\n\n\n\n<ul class=\"wp-block-list\">\n<li>Serra da Mantiqueira: 250 mm<\/li>\n\n\n\n<li>Ara\u00e7atuba, Bauru, Campinas, S\u00e3o Jos\u00e9 do Rio Preto, Sorocaba, Franca, Barretos, Ribeir\u00e3o Preto: 200mm<\/li>\n\n\n\n<li>Regi\u00e3o Metropolitana de S\u00e3o Paulo: 95 mm<\/li>\n\n\n\n<li>Vale do Ribeira e Itapeva: 60 mm<\/li>\n\n\n\n<li>Presidente Prudente: 90 mm<\/li>\n\n\n\n<li>Baixada Santista e Vale do Para\u00edba: 100 mm<\/li>\n\n\n\n<li>Litoral Norte: 150 mm<\/li>\n<\/ul>\n\n\n\n<p>\u201c\u00c9 importante que as pessoas se atentem aos alertas e tenham a percep\u00e7\u00e3o de risco em caso de chuva e ventos fortes. Evitem \u00e1reas abertas, encostas, tomem cuidado com quedas de \u00e1rvores e busquem abrigo e um local seguro\u201d, afirmou o secret\u00e1rio-chefe da Casa Militar e Coordenador Estadual de Prote\u00e7\u00e3o e Defesa Civil, coronel Henguel Ricardo Pereira.<\/p>\n\n\n<div class=\"wp-block-image\">\n<figure class=\"aligncenter\"><img decoding=\"async\" src=\"https:\/\/www.agenciasp.sp.gov.br\/wp-content\/uploads\/2024\/10\/Captura-de-Tela-148.png\" alt=\"\" class=\"wp-image-25729\"\/><\/figure>\n<\/div>\n\n\n<h2 class=\"wp-block-heading\">Orienta\u00e7\u00f5es de seguran\u00e7a:<\/h2>\n\n\n\n<p><br>\u2022 Evite lugares abertos, como praias, campos de futebol e estacionamentos<br>\u2022 Evite ficar perto de objetos altos e isolados, como \u00e1rvores, postes, caixas d\u2019\u00e1gua e quiosques<br>\u2022 No momento d chuva mantenha dist\u00e2ncia de aparelhos e objetos ligados \u00e0 rede el\u00e9trica, como geladeiras, fog\u00f5es e TVs<br>\u2022 Evite tomar banho durante a tempestade<br>\u2022 Em caso de ventos fortes, tenha cuidado com a queda de \u00e1rvores, postes, fios e sem\u00e1foros<br>\u2022 N\u00e3o desafie a for\u00e7a das \u00e1guas, n\u00e3o tente transpor uma enxurrada ou andar em \u00e1reas alagadas<br>\u2022 Se estiver em uma \u00e1rea de encosta, observe sinais de movimenta\u00e7\u00e3o do solo, como rachaduras nas paredes, \u00e1rvores e postes inclinados, e \u00e1gua lamacenta<br>\u2022 Se um fio energizado cair sobre o ve\u00edculo, permane\u00e7a dentro do carro e ligue para o servi\u00e7o de emerg\u00eancia<\/p>\n<input type=\"hidden\" id=\"baseurl\" value=\"https:\/\/noticiasregionais.com.br\"><input type=\"hidden\" id=\"audio_nonce\" value=\"533fbb67b1\">","protected":false},"excerpt":{"rendered":"<p>Acumulado pluviom\u00e9trico sobe para 250 mil\u00edmetros em algumas regi\u00f5es; governador esteve no gabinete de crise nesta sexta-feira (18) A Defesa&hellip;<\/p>\n","protected":false},"author":1,"featured_media":3712,"comment_status":"closed","ping_status":"open","sticky":false,"template":"","format":"standard","meta":{"sfsi_plus_gutenberg_text_before_share":"","sfsi_plus_gutenberg_show_text_before_share":"","sfsi_plus_gutenberg_icon_type":"","sfsi_plus_gutenberg_icon_alignemt":"","sfsi_plus_gutenburg_max_per_row":"","footnotes":""},"categories":[6,12,1],"tags":[],"class_list":["post-3711","post","type-post","status-publish","format-standard","has-post-thumbnail","hentry","category-sao_paulo","category-capa","category-noticias"],"_links":{"self":[{"href":"https:\/\/noticiasregionais.com.br\/index.php?rest_route=\/wp\/v2\/posts\/3711","targetHints":{"allow":["GET"]}}],"collection":[{"href":"https:\/\/noticiasregionais.com.br\/index.php?rest_route=\/wp\/v2\/posts"}],"about":[{"href":"https:\/\/noticiasregionais.com.br\/index.php?rest_route=\/wp\/v2\/types\/post"}],"author":[{"embeddable":true,"href":"https:\/\/noticiasregionais.com.br\/index.php?rest_route=\/wp\/v2\/users\/1"}],"replies":[{"embeddable":true,"href":"https:\/\/noticiasregionais.com.br\/index.php?rest_route=%2Fwp%2Fv2%2Fcomments&post=3711"}],"version-history":[{"count":1,"href":"https:\/\/noticiasregionais.com.br\/index.php?rest_route=\/wp\/v2\/posts\/3711\/revisions"}],"predecessor-version":[{"id":3713,"href":"https:\/\/noticiasregionais.com.br\/index.php?rest_route=\/wp\/v2\/posts\/3711\/revisions\/3713"}],"wp:featuredmedia":[{"embeddable":true,"href":"https:\/\/noticiasregionais.com.br\/index.php?rest_route=\/wp\/v2\/media\/3712"}],"wp:attachment":[{"href":"https:\/\/noticiasregionais.com.br\/index.php?rest_route=%2Fwp%2Fv2%2Fmedia&parent=3711"}],"wp:term":[{"taxonomy":"category","embeddable":true,"href":"https:\/\/noticiasregionais.com.br\/index.php?rest_route=%2Fwp%2Fv2%2Fcategories&post=3711"},{"taxonomy":"post_tag","embeddable":true,"href":"https:\/\/noticiasregionais.com.br\/index.php?rest_route=%2Fwp%2Fv2%2Ftags&post=3711"}],"curies":[{"name":"wp","href":"https:\/\/api.w.org\/{rel}","templated":true}]}}