{"id":3714,"date":"2024-10-18T20:06:54","date_gmt":"2024-10-18T23:06:54","guid":{"rendered":"https:\/\/noticiasregionais.com.br\/?p=3714"},"modified":"2024-10-18T20:06:57","modified_gmt":"2024-10-18T23:06:57","slug":"ace-ourinhos-recebe-a-visita-do-presidente-da-acim-de-marilia","status":"publish","type":"post","link":"https:\/\/noticiasregionais.com.br\/?p=3714","title":{"rendered":"ACE Ourinhos recebe a visita do Presidente da ACIM de Mar\u00edlia"},"content":{"rendered":"\n<p class=\"has-text-align-center\"><strong>A ACE Ourinhos recebeu nesta semana a visita ilustre do presidente da Associa\u00e7\u00e3o Comercial e Industrial de Mar\u00edlia (ACIM), Carlos Francisco Bitencourt Jorge.<\/strong><\/p>\n\n\n\n<p>O presidente da ACE, Robson Martuchi, foi o anfitri\u00e3o da visita e destacou a import\u00e2ncia do di\u00e1logo entre as entidades regionais. \u201cOurinhos e Mar\u00edlia s\u00e3o dois munic\u00edpios que destacam-se no desenvolvimento da regi\u00e3o e a troca de ideias e boas pr\u00e1ticas entre as institui\u00e7\u00f5es pode gerar novas oportunidades para impulsionar nossas cidades, facilitando o acesso a informa\u00e7\u00f5es cruciais para o sucesso dos nossos associados\u201d, ressaltou.<\/p>\n\n\n\n<p>A visita refor\u00e7ou a colabora\u00e7\u00e3o entre as associa\u00e7\u00f5es comerciais, que, unidas, podem alcan\u00e7ar resultados mais expressivos para o desenvolvimento econ\u00f4mico da regi\u00e3o. Robson Martuchi agradeceu a presen\u00e7a do presidente da ACIM e reafirmou o compromisso da ACE Ourinhos em continuar promovendo a\u00e7\u00f5es que valorizem o empreendedorismo e fortale\u00e7am o com\u00e9rcio local.<\/p>\n<input type=\"hidden\" id=\"baseurl\" value=\"https:\/\/noticiasregionais.com.br\"><input type=\"hidden\" id=\"audio_nonce\" value=\"9ddf44ba02\">","protected":false},"excerpt":{"rendered":"<p>A ACE Ourinhos recebeu nesta semana a visita ilustre do presidente da Associa\u00e7\u00e3o Comercial e Industrial de Mar\u00edlia (ACIM), Carlos&hellip;<\/p>\n","protected":false},"author":1,"featured_media":3715,"comment_status":"closed","ping_status":"open","sticky":false,"template":"","format":"standard","meta":{"sfsi_plus_gutenberg_text_before_share":"","sfsi_plus_gutenberg_show_text_before_share":"","sfsi_plus_gutenberg_icon_type":"","sfsi_plus_gutenberg_icon_alignemt":"","sfsi_plus_gutenburg_max_per_row":"","footnotes":""},"categories":[5,10,1],"tags":[],"class_list":["post-3714","post","type-post","status-publish","format-standard","has-post-thumbnail","hentry","category-ourinhos","category-destaques","category-noticias"],"_links":{"self":[{"href":"https:\/\/noticiasregionais.com.br\/index.php?rest_route=\/wp\/v2\/posts\/3714","targetHints":{"allow":["GET"]}}],"collection":[{"href":"https:\/\/noticiasregionais.com.br\/index.php?rest_route=\/wp\/v2\/posts"}],"about":[{"href":"https:\/\/noticiasregionais.com.br\/index.php?rest_route=\/wp\/v2\/types\/post"}],"author":[{"embeddable":true,"href":"https:\/\/noticiasregionais.com.br\/index.php?rest_route=\/wp\/v2\/users\/1"}],"replies":[{"embeddable":true,"href":"https:\/\/noticiasregionais.com.br\/index.php?rest_route=%2Fwp%2Fv2%2Fcomments&post=3714"}],"version-history":[{"count":1,"href":"https:\/\/noticiasregionais.com.br\/index.php?rest_route=\/wp\/v2\/posts\/3714\/revisions"}],"predecessor-version":[{"id":3716,"href":"https:\/\/noticiasregionais.com.br\/index.php?rest_route=\/wp\/v2\/posts\/3714\/revisions\/3716"}],"wp:featuredmedia":[{"embeddable":true,"href":"https:\/\/noticiasregionais.com.br\/index.php?rest_route=\/wp\/v2\/media\/3715"}],"wp:attachment":[{"href":"https:\/\/noticiasregionais.com.br\/index.php?rest_route=%2Fwp%2Fv2%2Fmedia&parent=3714"}],"wp:term":[{"taxonomy":"category","embeddable":true,"href":"https:\/\/noticiasregionais.com.br\/index.php?rest_route=%2Fwp%2Fv2%2Fcategories&post=3714"},{"taxonomy":"post_tag","embeddable":true,"href":"https:\/\/noticiasregionais.com.br\/index.php?rest_route=%2Fwp%2Fv2%2Ftags&post=3714"}],"curies":[{"name":"wp","href":"https:\/\/api.w.org\/{rel}","templated":true}]}}