{"id":3717,"date":"2024-10-18T20:10:36","date_gmt":"2024-10-18T23:10:36","guid":{"rendered":"https:\/\/noticiasregionais.com.br\/?p=3717"},"modified":"2024-10-18T20:10:40","modified_gmt":"2024-10-18T23:10:40","slug":"prf-e-pm-realizam-apreensao-de-cigarros-contrabandeados-em-jundiai-do-sul","status":"publish","type":"post","link":"https:\/\/noticiasregionais.com.br\/?p=3717","title":{"rendered":"PRF e PM realizam apreens\u00e3o de Cigarros contrabandeados em Jundia\u00ed do Sul"},"content":{"rendered":"\n<p class=\"has-text-align-center\"><strong>Apreens\u00e3o ocorreu ap\u00f3s acompanhamento t\u00e1tico e cerco policial entre equipes da PRF e Pol\u00edcia Militar<\/strong><\/p>\n\n\n\n<p>Por volta das 22 horas da noite de ontem (17), equipes da PRF e PM realizaram a tentativa de abordagem a um GM Cruze de cor preta.<\/p>\n\n\n\n<p>A primeira tentativa de abordagem se deu na PR431, no munic\u00edpio de Santo Ant\u00f4nio da Platina-PR, por\u00e9m seu condutor desobedeceu \u00e0s ordens iniciando assim acompanhamento t\u00e1tico que percorreu v\u00e1rias ruas do munic\u00edpio, terminando apenas na estrada Velha de Jundia\u00ed do Sul-PR, quando colidiu contra um barranco, onde permaneceu imobilizado.<\/p>\n\n\n\n<p>Ap\u00f3s a colis\u00e3o, seu condutor desembarcou e adentrou em \u00e1rea de vegeta\u00e7\u00e3o existente \u00e0s margens da via e at\u00e9 o momento n\u00e3o foi encontrado.<\/p>\n\n\n\n<p>O ve\u00edculo estava totalmente carregado com cigarros contrabandeados do Paraguai, que se encontravam acondicionados em todo porta malas, extens\u00e3o de banco traseiro e passageiro.<\/p>\n\n\n\n<p>Diante das informa\u00e7\u00f5es obtidas foi constatada, a princ\u00edpio, ocorr\u00eancia de Contrabando.<\/p>\n\n\n\n<p>O ve\u00edculo com a carga foi entregue na Receita Federal de Londrina\/PR.<\/p>\n<input type=\"hidden\" id=\"baseurl\" value=\"https:\/\/noticiasregionais.com.br\"><input type=\"hidden\" id=\"audio_nonce\" value=\"533fbb67b1\">","protected":false},"excerpt":{"rendered":"<p>Apreens\u00e3o ocorreu ap\u00f3s acompanhamento t\u00e1tico e cerco policial entre equipes da PRF e Pol\u00edcia Militar Por volta das 22 horas&hellip;<\/p>\n","protected":false},"author":1,"featured_media":3718,"comment_status":"closed","ping_status":"open","sticky":false,"template":"","format":"standard","meta":{"sfsi_plus_gutenberg_text_before_share":"","sfsi_plus_gutenberg_show_text_before_share":"","sfsi_plus_gutenberg_icon_type":"","sfsi_plus_gutenberg_icon_alignemt":"","sfsi_plus_gutenburg_max_per_row":"","footnotes":""},"categories":[7,10,1],"tags":[],"class_list":["post-3717","post","type-post","status-publish","format-standard","has-post-thumbnail","hentry","category-parana","category-destaques","category-noticias"],"_links":{"self":[{"href":"https:\/\/noticiasregionais.com.br\/index.php?rest_route=\/wp\/v2\/posts\/3717","targetHints":{"allow":["GET"]}}],"collection":[{"href":"https:\/\/noticiasregionais.com.br\/index.php?rest_route=\/wp\/v2\/posts"}],"about":[{"href":"https:\/\/noticiasregionais.com.br\/index.php?rest_route=\/wp\/v2\/types\/post"}],"author":[{"embeddable":true,"href":"https:\/\/noticiasregionais.com.br\/index.php?rest_route=\/wp\/v2\/users\/1"}],"replies":[{"embeddable":true,"href":"https:\/\/noticiasregionais.com.br\/index.php?rest_route=%2Fwp%2Fv2%2Fcomments&post=3717"}],"version-history":[{"count":1,"href":"https:\/\/noticiasregionais.com.br\/index.php?rest_route=\/wp\/v2\/posts\/3717\/revisions"}],"predecessor-version":[{"id":3719,"href":"https:\/\/noticiasregionais.com.br\/index.php?rest_route=\/wp\/v2\/posts\/3717\/revisions\/3719"}],"wp:featuredmedia":[{"embeddable":true,"href":"https:\/\/noticiasregionais.com.br\/index.php?rest_route=\/wp\/v2\/media\/3718"}],"wp:attachment":[{"href":"https:\/\/noticiasregionais.com.br\/index.php?rest_route=%2Fwp%2Fv2%2Fmedia&parent=3717"}],"wp:term":[{"taxonomy":"category","embeddable":true,"href":"https:\/\/noticiasregionais.com.br\/index.php?rest_route=%2Fwp%2Fv2%2Fcategories&post=3717"},{"taxonomy":"post_tag","embeddable":true,"href":"https:\/\/noticiasregionais.com.br\/index.php?rest_route=%2Fwp%2Fv2%2Ftags&post=3717"}],"curies":[{"name":"wp","href":"https:\/\/api.w.org\/{rel}","templated":true}]}}