{"id":3720,"date":"2024-10-18T20:14:16","date_gmt":"2024-10-18T23:14:16","guid":{"rendered":"https:\/\/noticiasregionais.com.br\/?p=3720"},"modified":"2024-10-18T20:14:19","modified_gmt":"2024-10-18T23:14:19","slug":"pm-e-reforcada-com-595-novos-sargentos-formados-em-curso-de-aperfeicoamento","status":"publish","type":"post","link":"https:\/\/noticiasregionais.com.br\/?p=3720","title":{"rendered":"PM \u00e9 refor\u00e7ada com 595 novos sargentos formados em curso de aperfei\u00e7oamento"},"content":{"rendered":"\n<p class=\"has-text-align-center\"><strong>Cerim\u00f4nia foi acompanhada pelo governador Tarc\u00edsio de Freitas. Ao todo, 482 homens e 113 mulheres assumem o novo posto<\/strong><\/p>\n\n\n\n<p>O governador Tarc\u00edsio de Freitas participou nesta sexta-feira (18) na capital, da cerim\u00f4nia de formatura de 595 sargentos da Pol\u00edcia Militar que conclu\u00edram o Curso Superior Tecn\u00f3logo de Pol\u00edcia Ostensiva e Preserva\u00e7\u00e3o da Ordem P\u00fablica. A capacita\u00e7\u00e3o dos militares, conhecida como curso de aperfei\u00e7oamento, refor\u00e7a o comando em unidades especializadas na capital, Regi\u00e3o Metropolitana e interior.<\/p>\n\n\n\n<p>\u201cUm dia de formatura \u00e9 sempre um dia de celebra\u00e7\u00e3o. Ent\u00e3o, hoje me dirijo aos vocacionados. Estamos enfrentando um crime organizado cada vez mais sofisticado, mas a pol\u00edcia est\u00e1 cada vez mais preparada e aperfei\u00e7oada. A pol\u00edcia, que est\u00e1 sendo implac\u00e1vel contra o crime, est\u00e1 repleta de her\u00f3is\u201d, afirmou Tarc\u00edsio.<\/p>\n\n\n\n<p>\u201cEnt\u00e3o, n\u00e3o tenham d\u00favida de que estamos preparados para garantir a seguran\u00e7a de 44 milh\u00f5es de brasileiros que vivem no territ\u00f3rio de S\u00e3o Paulo. Estamos prontos para assegurar que este estado continue sendo a locomotiva do pa\u00eds\u201d, afirmou o governador.<\/p>\n\n\n\n<p>A cerim\u00f4nia teve a presen\u00e7a tamb\u00e9m do secret\u00e1rio de Seguran\u00e7a P\u00fablica, Guilherme Derrite, de autoridades p\u00fablicas e militares, parlamentares, representantes da sociedade civil e&nbsp;familiares dos militares formandos. Na turma que alcan\u00e7ou a nova patente, 113 s\u00e3o mulheres. Ao todo,&nbsp;houve 7,2 mil inscri\u00e7\u00f5es para participa\u00e7\u00e3o no processo de aperfei\u00e7oamento da PM, que teve uma dura\u00e7\u00e3o de nove meses.<\/p>\n\n\n\n<p>Os militares formados v\u00e3o complementar as unidades operacionais na capital paulista, regi\u00e3o metropolitana e no interior, na presta\u00e7\u00e3o do servi\u00e7o de seguran\u00e7a p\u00fablica, e com informa\u00e7\u00f5es e tecnologias dispon\u00edveis para a manuten\u00e7\u00e3o da ordem e paz social nas cidades paulistas.<\/p>\n\n\n\n<p>A defini\u00e7\u00e3o da distribui\u00e7\u00e3o dos novos sargentos \u00e9 realizada pela Pol\u00edcia Militar ap\u00f3s estudos t\u00e9cnicos. &nbsp;Os sargentos atuar\u00e3o em unidades especializadas como Policiamento de Choque, Tr\u00e2nsito, Rodovi\u00e1rio, Corpo de Bombeiros e de apoio como Estado Maior da PM, al\u00e9m da Coordenadoria Operacional, Corregedoria e \u00e1reas de intelig\u00eancia da corpora\u00e7\u00e3o.<\/p>\n\n\n\n<p>\u201cEsses homens e mulheres enfrentam o crime diariamente. A partir da formatura, esse combate vai se intensificar porque eu sei a qualidade de cada um dos senhores que est\u00e3o nesse p\u00e1tio perfilado. Tenham a certeza que faremos de tudo para cuidar de cada um de voc\u00eas\u201d, destacou o secret\u00e1rio da Seguran\u00e7a P\u00fablica, Guilherme Derrite.<\/p>\n\n\n\n<p>A forma\u00e7\u00e3o tamb\u00e9m possibilitou o remanejamento do efetivo de policiais que solicitaram movimenta\u00e7\u00f5es anteriores. O curso tamb\u00e9m \u00e9 requisito para&nbsp;promo\u00e7\u00f5es dentro da corpora\u00e7\u00e3o.&nbsp;<\/p>\n\n\n\n<p><strong>O curso &nbsp;<\/strong><\/p>\n\n\n\n<p>Durante os meses do curso de Tecn\u00f3logo de Pol\u00edcia Ostensiva e Preserva\u00e7\u00e3o da Ordem P\u00fablica, s\u00e3o aplicadas mat\u00e9rias divididas por \u00e1reas de ensino, como transmiss\u00e3o de conhecimentos cognitivos, aquisi\u00e7\u00e3o de habilidades e mudan\u00e7a comportamental. Al\u00e9m de promover a habilidade t\u00e9cnica, humana e conceitual para o exerc\u00edcio das fun\u00e7\u00f5es de primeiro n\u00edvel de comando de tropa.&nbsp;&nbsp;<\/p>\n\n\n\n<p>A turma de formandos leva o nome do 2\u00ba sargento Wesley Carlos Tur\u00edbio, que morreu em maio deste ano. O policial vivia por meio de equipamentos de suporte \u00e0 vida, desde que foi baleado em uma ocorr\u00eancia de roubo a banco em julho de 2015. A fam\u00edlia do sargento foi homenageada durante a cerim\u00f4nia pelas autoridades.<\/p>\n<input type=\"hidden\" id=\"baseurl\" value=\"https:\/\/noticiasregionais.com.br\"><input type=\"hidden\" id=\"audio_nonce\" value=\"533fbb67b1\">","protected":false},"excerpt":{"rendered":"<p>Cerim\u00f4nia foi acompanhada pelo governador Tarc\u00edsio de Freitas. Ao todo, 482 homens e 113 mulheres assumem o novo posto O&hellip;<\/p>\n","protected":false},"author":1,"featured_media":3721,"comment_status":"closed","ping_status":"open","sticky":false,"template":"","format":"standard","meta":{"sfsi_plus_gutenberg_text_before_share":"","sfsi_plus_gutenberg_show_text_before_share":"","sfsi_plus_gutenberg_icon_type":"","sfsi_plus_gutenberg_icon_alignemt":"","sfsi_plus_gutenburg_max_per_row":"","footnotes":""},"categories":[6,10,1],"tags":[],"class_list":["post-3720","post","type-post","status-publish","format-standard","has-post-thumbnail","hentry","category-sao_paulo","category-destaques","category-noticias"],"_links":{"self":[{"href":"https:\/\/noticiasregionais.com.br\/index.php?rest_route=\/wp\/v2\/posts\/3720","targetHints":{"allow":["GET"]}}],"collection":[{"href":"https:\/\/noticiasregionais.com.br\/index.php?rest_route=\/wp\/v2\/posts"}],"about":[{"href":"https:\/\/noticiasregionais.com.br\/index.php?rest_route=\/wp\/v2\/types\/post"}],"author":[{"embeddable":true,"href":"https:\/\/noticiasregionais.com.br\/index.php?rest_route=\/wp\/v2\/users\/1"}],"replies":[{"embeddable":true,"href":"https:\/\/noticiasregionais.com.br\/index.php?rest_route=%2Fwp%2Fv2%2Fcomments&post=3720"}],"version-history":[{"count":1,"href":"https:\/\/noticiasregionais.com.br\/index.php?rest_route=\/wp\/v2\/posts\/3720\/revisions"}],"predecessor-version":[{"id":3722,"href":"https:\/\/noticiasregionais.com.br\/index.php?rest_route=\/wp\/v2\/posts\/3720\/revisions\/3722"}],"wp:featuredmedia":[{"embeddable":true,"href":"https:\/\/noticiasregionais.com.br\/index.php?rest_route=\/wp\/v2\/media\/3721"}],"wp:attachment":[{"href":"https:\/\/noticiasregionais.com.br\/index.php?rest_route=%2Fwp%2Fv2%2Fmedia&parent=3720"}],"wp:term":[{"taxonomy":"category","embeddable":true,"href":"https:\/\/noticiasregionais.com.br\/index.php?rest_route=%2Fwp%2Fv2%2Fcategories&post=3720"},{"taxonomy":"post_tag","embeddable":true,"href":"https:\/\/noticiasregionais.com.br\/index.php?rest_route=%2Fwp%2Fv2%2Ftags&post=3720"}],"curies":[{"name":"wp","href":"https:\/\/api.w.org\/{rel}","templated":true}]}}