{"id":3723,"date":"2024-10-21T08:22:32","date_gmt":"2024-10-21T11:22:32","guid":{"rendered":"https:\/\/noticiasregionais.com.br\/?p=3723"},"modified":"2024-10-21T08:22:35","modified_gmt":"2024-10-21T11:22:35","slug":"acidente-com-quatro-mortes-marca-a-noite-em-osvaldo-cruz","status":"publish","type":"post","link":"https:\/\/noticiasregionais.com.br\/?p=3723","title":{"rendered":"Acidente com quatro mortes marca a noite em Osvaldo Cruz"},"content":{"rendered":"\n<p><strong>Osvaldo Cruz, 21 de outubro de 2024<\/strong> \u2013 Um grave acidente na noite de domingo, 20 de outubro, na Rodovia Comandante Jo\u00e3o Ribeiro de Barros (SP-294), em Osvaldo Cruz, resultou na morte de quatro pessoas. A colis\u00e3o frontal entre um Toyota Corolla e um Volkswagen Santana foi causada pela embriaguez ao volante, segundo a Pol\u00edcia Rodovi\u00e1ria.<\/p>\n\n\n\n<p>O acidente ocorreu por volta das 19h10, no km 568,700 da rodovia. De acordo com as informa\u00e7\u00f5es preliminares, o Corolla invadiu a pista contr\u00e1ria e colidiu frontalmente com o Santana. Os quatro ocupantes do Santana, incluindo o condutor, n\u00e3o resistiram aos ferimentos e morreram. J\u00e1 o condutor do Corolla e um passageiro ficaram gravemente feridos e foram encaminhados para o pronto-socorro de Osvaldo Cruz.<\/p>\n\n\n\n<figure class=\"wp-block-gallery has-nested-images columns-default is-cropped wp-block-gallery-1 is-layout-flex wp-block-gallery-is-layout-flex\">\n<figure class=\"wp-block-image size-full\"><img decoding=\"async\" width=\"1280\" height=\"576\" data-id=\"3725\" src=\"https:\/\/noticiasregionais.com.br\/wp-content\/uploads\/2024\/10\/WhatsApp-Image-2024-10-21-at-08.06.251.jpeg\" alt=\"\" class=\"wp-image-3725\" srcset=\"https:\/\/noticiasregionais.com.br\/wp-content\/uploads\/2024\/10\/WhatsApp-Image-2024-10-21-at-08.06.251.jpeg 1280w, https:\/\/noticiasregionais.com.br\/wp-content\/uploads\/2024\/10\/WhatsApp-Image-2024-10-21-at-08.06.251-300x135.jpeg 300w, https:\/\/noticiasregionais.com.br\/wp-content\/uploads\/2024\/10\/WhatsApp-Image-2024-10-21-at-08.06.251-1024x461.jpeg 1024w, https:\/\/noticiasregionais.com.br\/wp-content\/uploads\/2024\/10\/WhatsApp-Image-2024-10-21-at-08.06.251-768x346.jpeg 768w\" sizes=\"(max-width: 1280px) 100vw, 1280px\" \/><\/figure>\n\n\n\n<figure class=\"wp-block-image size-large\"><img decoding=\"async\" width=\"1024\" height=\"461\" data-id=\"3726\" src=\"https:\/\/noticiasregionais.com.br\/wp-content\/uploads\/2024\/10\/WhatsApp-Image-2024-10-21-at-08.06.25-1024x461.jpeg\" alt=\"\" class=\"wp-image-3726\" srcset=\"https:\/\/noticiasregionais.com.br\/wp-content\/uploads\/2024\/10\/WhatsApp-Image-2024-10-21-at-08.06.25-1024x461.jpeg 1024w, https:\/\/noticiasregionais.com.br\/wp-content\/uploads\/2024\/10\/WhatsApp-Image-2024-10-21-at-08.06.25-300x135.jpeg 300w, https:\/\/noticiasregionais.com.br\/wp-content\/uploads\/2024\/10\/WhatsApp-Image-2024-10-21-at-08.06.25-768x346.jpeg 768w, https:\/\/noticiasregionais.com.br\/wp-content\/uploads\/2024\/10\/WhatsApp-Image-2024-10-21-at-08.06.25.jpeg 1280w\" sizes=\"(max-width: 1024px) 100vw, 1024px\" \/><\/figure>\n<\/figure>\n<input type=\"hidden\" id=\"baseurl\" value=\"https:\/\/noticiasregionais.com.br\"><input type=\"hidden\" id=\"audio_nonce\" value=\"533fbb67b1\">","protected":false},"excerpt":{"rendered":"<p>Osvaldo Cruz, 21 de outubro de 2024 \u2013 Um grave acidente na noite de domingo, 20 de outubro, na Rodovia&hellip;<\/p>\n","protected":false},"author":1,"featured_media":3724,"comment_status":"closed","ping_status":"open","sticky":false,"template":"","format":"standard","meta":{"sfsi_plus_gutenberg_text_before_share":"","sfsi_plus_gutenberg_show_text_before_share":"","sfsi_plus_gutenberg_icon_type":"","sfsi_plus_gutenberg_icon_alignemt":"","sfsi_plus_gutenburg_max_per_row":"","footnotes":""},"categories":[6,10,1],"tags":[],"class_list":["post-3723","post","type-post","status-publish","format-standard","has-post-thumbnail","hentry","category-sao_paulo","category-destaques","category-noticias"],"_links":{"self":[{"href":"https:\/\/noticiasregionais.com.br\/index.php?rest_route=\/wp\/v2\/posts\/3723","targetHints":{"allow":["GET"]}}],"collection":[{"href":"https:\/\/noticiasregionais.com.br\/index.php?rest_route=\/wp\/v2\/posts"}],"about":[{"href":"https:\/\/noticiasregionais.com.br\/index.php?rest_route=\/wp\/v2\/types\/post"}],"author":[{"embeddable":true,"href":"https:\/\/noticiasregionais.com.br\/index.php?rest_route=\/wp\/v2\/users\/1"}],"replies":[{"embeddable":true,"href":"https:\/\/noticiasregionais.com.br\/index.php?rest_route=%2Fwp%2Fv2%2Fcomments&post=3723"}],"version-history":[{"count":1,"href":"https:\/\/noticiasregionais.com.br\/index.php?rest_route=\/wp\/v2\/posts\/3723\/revisions"}],"predecessor-version":[{"id":3727,"href":"https:\/\/noticiasregionais.com.br\/index.php?rest_route=\/wp\/v2\/posts\/3723\/revisions\/3727"}],"wp:featuredmedia":[{"embeddable":true,"href":"https:\/\/noticiasregionais.com.br\/index.php?rest_route=\/wp\/v2\/media\/3724"}],"wp:attachment":[{"href":"https:\/\/noticiasregionais.com.br\/index.php?rest_route=%2Fwp%2Fv2%2Fmedia&parent=3723"}],"wp:term":[{"taxonomy":"category","embeddable":true,"href":"https:\/\/noticiasregionais.com.br\/index.php?rest_route=%2Fwp%2Fv2%2Fcategories&post=3723"},{"taxonomy":"post_tag","embeddable":true,"href":"https:\/\/noticiasregionais.com.br\/index.php?rest_route=%2Fwp%2Fv2%2Ftags&post=3723"}],"curies":[{"name":"wp","href":"https:\/\/api.w.org\/{rel}","templated":true}]}}