{"id":3728,"date":"2024-10-21T08:48:36","date_gmt":"2024-10-21T11:48:36","guid":{"rendered":"https:\/\/noticiasregionais.com.br\/?p=3728"},"modified":"2024-10-21T08:48:48","modified_gmt":"2024-10-21T11:48:48","slug":"camara-de-ourinhos-discute-temas-triviais-e-projetos-de-ultima-hora-vereadores-se-mostram-apaticos","status":"publish","type":"post","link":"https:\/\/noticiasregionais.com.br\/?p=3728","title":{"rendered":"C\u00e2mara de Ourinhos discute temas triviais e projetos de \u00faltima hora. Vereadores se mostram ap\u00e1ticos"},"content":{"rendered":"\n<p>A 36\u00aa Sess\u00e3o Ordin\u00e1ria da C\u00e2mara Municipal de Ourinhos, que acontece nesta segunda-feira, 21 de outubro de 2024, revela um cen\u00e1rio preocupante de falta de prioridade e urg\u00eancia nas pautas discutidas. Enquanto a cidade enfrenta desafios significativos, como problemas estruturais e financeiros, a pauta se restringe a assuntos triviais, refor\u00e7ando a percep\u00e7\u00e3o de que os representantes est\u00e3o desconectados das reais necessidades da popula\u00e7\u00e3o. Al\u00e9m disso, com o mandato do prefeito Lucas Pocay Alves da Silva pr\u00f3ximo do fim, projetos de lei vultosos chegam de maneira apressada, levantando suspeitas sobre a gest\u00e3o de recursos p\u00fablicos.<\/p>\n\n\n\n<p><strong>Requerimentos voltados para quest\u00f5es menores<\/strong><\/p>\n\n\n\n<p>Os requerimentos apresentados pelos vereadores Valter do Nascimento (Latinha) e Ederson Aparecido Machado (Kita) evidenciam essa desconex\u00e3o. O vereador Latinha trouxe demandas como o recapeamento da Rua Jo\u00e3o Fiorini, no Jardim Aurora (Requerimento N\u00ba 894\/2024), e a instala\u00e7\u00e3o de um balan\u00e7\u00e3o na Rua Dr. C\u00e1ssio Ciampolini (Requerimento N\u00ba 895\/2024). S\u00e3o temas pontuais e, embora atendam a necessidades locais, faltam relev\u00e2ncia diante dos desafios mais amplos que Ourinhos enfrenta.<\/p>\n\n\n\n<p>O vereador Kita, por sua vez, solicitou a constru\u00e7\u00e3o de canaletas para o escoamento de \u00e1guas pluviais na Vila Margarida (Requerimento N\u00ba 896\/2024). O pedido \u00e9 v\u00e1lido, mas novamente parece n\u00e3o estar \u00e0 altura das urg\u00eancias maiores da cidade, como o estado da infraestrutura urbana e o saneamento b\u00e1sico, que continuam exigindo a\u00e7\u00f5es mais robustas e permanentes.<\/p>\n\n\n\n<p><strong>Apresenta\u00e7\u00e3o tardia de projetos vultosos<\/strong><\/p>\n\n\n\n<p>A situa\u00e7\u00e3o se torna ainda mais cr\u00edtica com os projetos de lei apresentados pelo prefeito Lucas Pocay. O Projeto de Lei N\u00ba 60\/2024, que prop\u00f5e a abertura de cr\u00e9ditos adicionais no valor de R$ 8,5 milh\u00f5es para o or\u00e7amento deste ano, chega \u00e0s v\u00e9speras do t\u00e9rmino do mandato, o que levanta questionamentos sobre a transpar\u00eancia e a efici\u00eancia da gest\u00e3o. Altera\u00e7\u00f5es no Plano Plurianual (PPA), na Lei de Diretrizes Or\u00e7ament\u00e1rias (LDO) e na Lei Or\u00e7ament\u00e1ria Anual (LOA) s\u00e3o quest\u00f5es que deveriam ter sido planejadas com anteced\u00eancia, em vez de propostas de forma repentina, criando a sensa\u00e7\u00e3o de que o prefeito tenta \u201cfechar as contas\u201d em cima da hora.<\/p>\n\n\n\n<p>Outro projeto controverso \u00e9 o Projeto de Lei Complementar N\u00ba 20\/2024, que prop\u00f5e ajustes no parcelamento de d\u00e9bitos retroativos com os servidores p\u00fablicos municipais. A quest\u00e3o do parcelamento de d\u00edvidas, especialmente com funcion\u00e1rios ativos, inativos e pensionistas, \u00e9 importante, mas a proposta de \u00faltima hora faz parecer que essa solu\u00e7\u00e3o poderia ter sido implementada ao longo do mandato, e n\u00e3o como uma medida de urg\u00eancia nos \u00faltimos momentos de governo.<\/p>\n\n\n\n<p><strong>Vereadores ausentes e gastos exorbitantes<\/strong><\/p>\n\n\n\n<p>O que agrava ainda mais o quadro \u00e9 a apatia demonstrada pelos demais vereadores da C\u00e2mara Municipal de Ourinhos. Dos 15 parlamentares eleitos, apenas dois apresentaram requerimentos nesta sess\u00e3o, enquanto a maioria parece j\u00e1 ter \u201cencerrado\u201d seus mandatos, mesmo continuando a gerar altos custos aos cofres p\u00fablicos. O sil\u00eancio e a falta de participa\u00e7\u00e3o ativa desses vereadores n\u00e3o apenas frustram a popula\u00e7\u00e3o, mas tamb\u00e9m representam uma falha grave no cumprimento de suas obriga\u00e7\u00f5es legislativas.<\/p>\n\n\n\n<p>Com sal\u00e1rios e verbas de gabinete que chegam a cifras consider\u00e1veis, o desempenho p\u00edfio da maioria dos vereadores levanta s\u00e9rias cr\u00edticas sobre a gest\u00e3o de recursos p\u00fablicos no legislativo municipal. Para uma cidade que luta com problemas financeiros e demandas crescentes da popula\u00e7\u00e3o, a inatividade dos representantes apenas refor\u00e7a o descontentamento dos eleitores.<\/p>\n\n\n\n<p><strong>Conclus\u00e3o: Uma sess\u00e3o marcada por omiss\u00e3o e decis\u00f5es tardias<\/strong><\/p>\n\n\n\n<p>A sess\u00e3o ordin\u00e1ria de 21 de outubro exp\u00f5e uma realidade preocupante na pol\u00edtica de Ourinhos. Enquanto poucos vereadores se dedicam a quest\u00f5es menores, a maioria se mant\u00e9m omissa, gerando despesas sem contribuir efetivamente para a cidade. A apresenta\u00e7\u00e3o tardia de projetos de lei de grande porte pelo prefeito Lucas Pocay, a poucas semanas do fim de seu mandato, tamb\u00e9m causa desconforto. A popula\u00e7\u00e3o de Ourinhos, que enfrenta desafios estruturais e financeiros, merece mais aten\u00e7\u00e3o, compromisso e seriedade de seus governantes.<\/p>\n<input type=\"hidden\" id=\"baseurl\" value=\"https:\/\/noticiasregionais.com.br\"><input type=\"hidden\" id=\"audio_nonce\" value=\"533fbb67b1\">","protected":false},"excerpt":{"rendered":"<p>A 36\u00aa Sess\u00e3o Ordin\u00e1ria da C\u00e2mara Municipal de Ourinhos, que acontece nesta segunda-feira, 21 de outubro de 2024, revela um&hellip;<\/p>\n","protected":false},"author":1,"featured_media":902,"comment_status":"closed","ping_status":"open","sticky":false,"template":"","format":"standard","meta":{"sfsi_plus_gutenberg_text_before_share":"","sfsi_plus_gutenberg_show_text_before_share":"","sfsi_plus_gutenberg_icon_type":"","sfsi_plus_gutenberg_icon_alignemt":"","sfsi_plus_gutenburg_max_per_row":"","footnotes":""},"categories":[5,12,1],"tags":[],"class_list":["post-3728","post","type-post","status-publish","format-standard","has-post-thumbnail","hentry","category-ourinhos","category-capa","category-noticias"],"_links":{"self":[{"href":"https:\/\/noticiasregionais.com.br\/index.php?rest_route=\/wp\/v2\/posts\/3728","targetHints":{"allow":["GET"]}}],"collection":[{"href":"https:\/\/noticiasregionais.com.br\/index.php?rest_route=\/wp\/v2\/posts"}],"about":[{"href":"https:\/\/noticiasregionais.com.br\/index.php?rest_route=\/wp\/v2\/types\/post"}],"author":[{"embeddable":true,"href":"https:\/\/noticiasregionais.com.br\/index.php?rest_route=\/wp\/v2\/users\/1"}],"replies":[{"embeddable":true,"href":"https:\/\/noticiasregionais.com.br\/index.php?rest_route=%2Fwp%2Fv2%2Fcomments&post=3728"}],"version-history":[{"count":1,"href":"https:\/\/noticiasregionais.com.br\/index.php?rest_route=\/wp\/v2\/posts\/3728\/revisions"}],"predecessor-version":[{"id":3729,"href":"https:\/\/noticiasregionais.com.br\/index.php?rest_route=\/wp\/v2\/posts\/3728\/revisions\/3729"}],"wp:featuredmedia":[{"embeddable":true,"href":"https:\/\/noticiasregionais.com.br\/index.php?rest_route=\/wp\/v2\/media\/902"}],"wp:attachment":[{"href":"https:\/\/noticiasregionais.com.br\/index.php?rest_route=%2Fwp%2Fv2%2Fmedia&parent=3728"}],"wp:term":[{"taxonomy":"category","embeddable":true,"href":"https:\/\/noticiasregionais.com.br\/index.php?rest_route=%2Fwp%2Fv2%2Fcategories&post=3728"},{"taxonomy":"post_tag","embeddable":true,"href":"https:\/\/noticiasregionais.com.br\/index.php?rest_route=%2Fwp%2Fv2%2Ftags&post=3728"}],"curies":[{"name":"wp","href":"https:\/\/api.w.org\/{rel}","templated":true}]}}