{"id":3733,"date":"2024-10-21T10:33:08","date_gmt":"2024-10-21T13:33:08","guid":{"rendered":"https:\/\/noticiasregionais.com.br\/?p=3733"},"modified":"2024-10-21T10:33:22","modified_gmt":"2024-10-21T13:33:22","slug":"medico-morre-em-acidente-com-carro-de-luxo-em-sp-e-e-sepultado-em-mt","status":"publish","type":"post","link":"https:\/\/noticiasregionais.com.br\/?p=3733","title":{"rendered":"M\u00e9dico morre em acidente com carro de luxo em SP e \u00e9 sepultado em MT"},"content":{"rendered":"\n<p class=\"has-text-align-center\"><strong>Jovem de 27 anos faleceu ap\u00f3s ve\u00edculo aquaplanar e colidir com \u00e1rvore; sua namorada, de 24 anos, foi resgatada em estado grave.<\/strong><\/p>\n\n\n\n<p>Um m\u00e9dico de 27 anos morreu em um tr\u00e1gico acidente envolvendo um carro de luxo na tarde de s\u00e1bado (19), em Ourinhos (SP), e foi sepultado no domingo (20) em Sorriso (MT). Felix Rosa, a v\u00edtima, estava acompanhado por sua namorada, Anna Jullia Polisini Tirolli, de 24 anos, estudante de medicina, que foi resgatada em estado grave ap\u00f3s o ve\u00edculo em que estavam aquaplanar e colidir com uma \u00e1rvore.<\/p>\n\n\n\n<p>O acidente aconteceu na Rodovia Orlando Quagliato (SP-327), quando o carro, uma BMW, perdeu o controle e bateu violentamente contra uma \u00e1rvore, ficando preso entre o barranco e a vegeta\u00e7\u00e3o. Equipes de resgate chegaram rapidamente ao local, mas infelizmente constataram a morte de Felix. Anna Jullia foi levada em estado grave para a Santa Casa de Ourinhos, onde segue recebendo cuidados m\u00e9dicos.<\/p>\n\n\n\n<p>Felix Rosa, formado pela Faculdade de Medicina FACERES, era residente da Santa Casa Municipal de S\u00e3o Carlos (SCMSC). Ambas as institui\u00e7\u00f5es expressaram condol\u00eancias nas redes sociais, destacando a perda de um jovem m\u00e9dico talentoso e querido. A FACERES emitiu uma nota afirmando: &#8220;\u00c9 com grande pesar que comunicamos o falecimento do Dr. Felix Rosa, egresso da Turma 10 da Faceres&#8221;.<\/p>\n\n\n\n<p>O vel\u00f3rio e enterro de Felix aconteceram na tarde de domingo em sua cidade natal, Sorriso, onde familiares e amigos se reuniram para prestar as \u00faltimas homenagens.<br><br><sub><strong>fonte: TV Tem Bauru e Mar\u00edlia<\/strong><\/sub><\/p>\n\n\n<div class=\"wp-block-image\">\n<figure class=\"aligncenter size-large\"><img decoding=\"async\" width=\"1024\" height=\"687\" src=\"https:\/\/noticiasregionais.com.br\/wp-content\/uploads\/2024\/10\/Medico-Acidente-Ourinhos-2-1024x687.jpg\" alt=\"\" class=\"wp-image-3734\" srcset=\"https:\/\/noticiasregionais.com.br\/wp-content\/uploads\/2024\/10\/Medico-Acidente-Ourinhos-2-1024x687.jpg 1024w, https:\/\/noticiasregionais.com.br\/wp-content\/uploads\/2024\/10\/Medico-Acidente-Ourinhos-2-300x201.jpg 300w, https:\/\/noticiasregionais.com.br\/wp-content\/uploads\/2024\/10\/Medico-Acidente-Ourinhos-2-768x515.jpg 768w, https:\/\/noticiasregionais.com.br\/wp-content\/uploads\/2024\/10\/Medico-Acidente-Ourinhos-2.jpg 1158w\" sizes=\"(max-width: 1024px) 100vw, 1024px\" \/><\/figure>\n<\/div><input type=\"hidden\" id=\"baseurl\" value=\"https:\/\/noticiasregionais.com.br\"><input type=\"hidden\" id=\"audio_nonce\" value=\"533fbb67b1\">","protected":false},"excerpt":{"rendered":"<p>Jovem de 27 anos faleceu ap\u00f3s ve\u00edculo aquaplanar e colidir com \u00e1rvore; sua namorada, de 24 anos, foi resgatada em&hellip;<\/p>\n","protected":false},"author":1,"featured_media":3735,"comment_status":"closed","ping_status":"open","sticky":false,"template":"","format":"standard","meta":{"sfsi_plus_gutenberg_text_before_share":"","sfsi_plus_gutenberg_show_text_before_share":"","sfsi_plus_gutenberg_icon_type":"","sfsi_plus_gutenberg_icon_alignemt":"","sfsi_plus_gutenburg_max_per_row":"","footnotes":""},"categories":[5,10,1],"tags":[],"class_list":["post-3733","post","type-post","status-publish","format-standard","has-post-thumbnail","hentry","category-ourinhos","category-destaques","category-noticias"],"_links":{"self":[{"href":"https:\/\/noticiasregionais.com.br\/index.php?rest_route=\/wp\/v2\/posts\/3733","targetHints":{"allow":["GET"]}}],"collection":[{"href":"https:\/\/noticiasregionais.com.br\/index.php?rest_route=\/wp\/v2\/posts"}],"about":[{"href":"https:\/\/noticiasregionais.com.br\/index.php?rest_route=\/wp\/v2\/types\/post"}],"author":[{"embeddable":true,"href":"https:\/\/noticiasregionais.com.br\/index.php?rest_route=\/wp\/v2\/users\/1"}],"replies":[{"embeddable":true,"href":"https:\/\/noticiasregionais.com.br\/index.php?rest_route=%2Fwp%2Fv2%2Fcomments&post=3733"}],"version-history":[{"count":2,"href":"https:\/\/noticiasregionais.com.br\/index.php?rest_route=\/wp\/v2\/posts\/3733\/revisions"}],"predecessor-version":[{"id":3737,"href":"https:\/\/noticiasregionais.com.br\/index.php?rest_route=\/wp\/v2\/posts\/3733\/revisions\/3737"}],"wp:featuredmedia":[{"embeddable":true,"href":"https:\/\/noticiasregionais.com.br\/index.php?rest_route=\/wp\/v2\/media\/3735"}],"wp:attachment":[{"href":"https:\/\/noticiasregionais.com.br\/index.php?rest_route=%2Fwp%2Fv2%2Fmedia&parent=3733"}],"wp:term":[{"taxonomy":"category","embeddable":true,"href":"https:\/\/noticiasregionais.com.br\/index.php?rest_route=%2Fwp%2Fv2%2Fcategories&post=3733"},{"taxonomy":"post_tag","embeddable":true,"href":"https:\/\/noticiasregionais.com.br\/index.php?rest_route=%2Fwp%2Fv2%2Ftags&post=3733"}],"curies":[{"name":"wp","href":"https:\/\/api.w.org\/{rel}","templated":true}]}}