{"id":374,"date":"2023-09-15T07:43:09","date_gmt":"2023-09-15T10:43:09","guid":{"rendered":"https:\/\/noticiasregionais.com.br\/?p=374"},"modified":"2023-09-15T07:43:09","modified_gmt":"2023-09-15T10:43:09","slug":"universalizasp-prefeituras-tem-ate-dia-30-para-adesao-ao-programa","status":"publish","type":"post","link":"https:\/\/noticiasregionais.com.br\/?p=374","title":{"rendered":"UniversalizaSP: Prefeituras t\u00eam at\u00e9 dia 30 para ades\u00e3o ao programa"},"content":{"rendered":"\n<p class=\"has-text-align-center\"><strong>Munic\u00edpios contar\u00e3o com apoio t\u00e9cnico para que alcancem meta de 99% da popula\u00e7\u00e3o com \u00e1gua pot\u00e1vel e 90% com coleta e tratamento de esgoto<\/strong><\/p>\n\n\n\n<p>Lan\u00e7ado em junho deste ano pelo&nbsp;Governo de SP, o&nbsp;<a href=\"https:\/\/www.saopaulo.sp.gov.br\/ultimas-noticias\/governo-de-sp-lanca-programa-para-agilizar-universalizacao-do-saneamento-basico-2\/\" target=\"_blank\" rel=\"noreferrer noopener\">UniversalizaSP<\/a>&nbsp;prev\u00ea o suporte t\u00e9cnico do Estado aos munic\u00edpios que operam servi\u00e7os de saneamento b\u00e1sico, com o objetivo de antecipar as metas de universaliza\u00e7\u00e3o do Novo Marco de Saneamento \u2013 99% da popula\u00e7\u00e3o abastecida com \u00e1gua pot\u00e1vel e de 90% atendida com coleta e tratamento de esgoto. Para que essa assist\u00eancia se efetive, basta que as Prefeituras fa\u00e7am a ades\u00e3o ao sistema, no site do programa, at\u00e9 o pr\u00f3ximo dia 30.<\/p>\n\n\n\n<p>A iniciativa prev\u00ea que o Estado apoie tecnicamente os munic\u00edpios que operam os servi\u00e7os de saneamento b\u00e1sico, por meio de autarquias e\/ou servi\u00e7os municipais, a estruturarem modelagens que auxiliem as prefeituras a antecipar as metas de universaliza\u00e7\u00e3o; a regionalizar a presta\u00e7\u00e3o dos servi\u00e7os; a incentivar a modicidade tarif\u00e1ria e a atender as \u00e1reas rurais e n\u00facleos urbanos informais.<\/p>\n\n\n\n<blockquote class=\"wp-block-quote is-layout-flow wp-block-quote-is-layout-flow\">\n<p>\u201cO Estado de S\u00e3o Paulo persegue a antecipa\u00e7\u00e3o das metas do Marco do Saneamento e a presta\u00e7\u00e3o dos servi\u00e7os com qualidade. A ideia \u00e9 que, em conjunto com os munic\u00edpios, estruturemos concess\u00f5es ou PPPs que garantam a sustentabilidade dos neg\u00f3cios, a longo prazo\u201d, explicou a Secret\u00e1ria de&nbsp;<a href=\"https:\/\/semil.sp.gov.br\/semil\/\" target=\"_blank\" rel=\"noreferrer noopener\">Meio Ambiente, Infraestrutura e Log\u00edstica (Semil)<\/a>,&nbsp;<a href=\"https:\/\/www.saopaulo.sp.gov.br\/orgaos-e-entidades\/secretarias\/meio-ambiente-infraestrutura-e-logistica\/\" target=\"_blank\" rel=\"noreferrer noopener\">Nat\u00e1lia Resende<\/a>.<\/p>\n<\/blockquote>\n\n\n\n<p>Entre o suporte t\u00e9cnico oferecido pelo Estado estar\u00e3o, por exemplo, a avalia\u00e7\u00e3o do arcabou\u00e7o jur\u00eddico vigente; os estudos de viabilidade t\u00e9cnica, econ\u00f4mico-financeira, jur\u00eddica e ambiental da presta\u00e7\u00e3o dos servi\u00e7os; a avalia\u00e7\u00e3o da estrutura de governan\u00e7a necess\u00e1ria; a elabora\u00e7\u00e3o de modelos societ\u00e1rios, regulat\u00f3rios e contratuais; al\u00e9m do mapeamento de potenciais investidores.<\/p>\n\n\n\n<p>Para realizar o cadastro, basta acessar o link:&nbsp;<a href=\"https:\/\/universaliza.semil.sp.gov.br\/\" target=\"_blank\" rel=\"noreferrer noopener\">https:\/\/universaliza.semil.sp.gov.br<\/a>. As informa\u00e7\u00f5es de ades\u00e3o s\u00e3o b\u00e1sicas, como: munic\u00edpio, prefeito e o \u00f3rg\u00e3o respons\u00e1vel pela opera\u00e7\u00e3o do saneamento local. Ap\u00f3s esse per\u00edodo, a Semil e a&nbsp;<a href=\"https:\/\/www.parceriaseminvestimentos.sp.gov.br\/a-secretaria\/\" target=\"_blank\" rel=\"noreferrer noopener\">Secretaria de Parcerias em Investimentos (SPI)<\/a>, respons\u00e1veis pelo programa, v\u00e3o avaliar a quantidade de ades\u00f5es, assim como os poss\u00edveis blocos de regionaliza\u00e7\u00e3o e as consequentes modelagens para cada caso.<\/p>\n\n\n\n<p><strong>Saneamento em dados:<\/strong>&nbsp;Dos 645 munic\u00edpios paulistas, 149 n\u00e3o possuem universaliza\u00e7\u00e3o em abastecimento de \u00e1gua e outros 226 n\u00e3o possuem esgotamento sanit\u00e1rio universalizado. A Semil estima que s\u00e3o necess\u00e1rios investimentos da ordem de R$ 26 bilh\u00f5es para a universaliza\u00e7\u00e3o dos servi\u00e7os nesses munic\u00edpios. Considerando os investimentos totais realizados nos \u00faltimos cinco anos, a universaliza\u00e7\u00e3o levaria cerca de 30 anos para ser conclu\u00edda no Estado, inviabilizando as metas determinadas pelo Novo Marco do Saneamento.<\/p>\n<input type=\"hidden\" id=\"baseurl\" value=\"https:\/\/noticiasregionais.com.br\"><input type=\"hidden\" id=\"audio_nonce\" value=\"533fbb67b1\">","protected":false},"excerpt":{"rendered":"<p>Munic\u00edpios contar\u00e3o com apoio t\u00e9cnico para que alcancem meta de 99% da popula\u00e7\u00e3o com \u00e1gua pot\u00e1vel e 90% com coleta&hellip;<\/p>\n","protected":false},"author":1,"featured_media":375,"comment_status":"closed","ping_status":"open","sticky":false,"template":"","format":"standard","meta":{"sfsi_plus_gutenberg_text_before_share":"","sfsi_plus_gutenberg_show_text_before_share":"","sfsi_plus_gutenberg_icon_type":"","sfsi_plus_gutenberg_icon_alignemt":"","sfsi_plus_gutenburg_max_per_row":"","footnotes":""},"categories":[6,10,1],"tags":[],"class_list":["post-374","post","type-post","status-publish","format-standard","has-post-thumbnail","hentry","category-sao_paulo","category-destaques","category-noticias"],"_links":{"self":[{"href":"https:\/\/noticiasregionais.com.br\/index.php?rest_route=\/wp\/v2\/posts\/374","targetHints":{"allow":["GET"]}}],"collection":[{"href":"https:\/\/noticiasregionais.com.br\/index.php?rest_route=\/wp\/v2\/posts"}],"about":[{"href":"https:\/\/noticiasregionais.com.br\/index.php?rest_route=\/wp\/v2\/types\/post"}],"author":[{"embeddable":true,"href":"https:\/\/noticiasregionais.com.br\/index.php?rest_route=\/wp\/v2\/users\/1"}],"replies":[{"embeddable":true,"href":"https:\/\/noticiasregionais.com.br\/index.php?rest_route=%2Fwp%2Fv2%2Fcomments&post=374"}],"version-history":[{"count":1,"href":"https:\/\/noticiasregionais.com.br\/index.php?rest_route=\/wp\/v2\/posts\/374\/revisions"}],"predecessor-version":[{"id":376,"href":"https:\/\/noticiasregionais.com.br\/index.php?rest_route=\/wp\/v2\/posts\/374\/revisions\/376"}],"wp:featuredmedia":[{"embeddable":true,"href":"https:\/\/noticiasregionais.com.br\/index.php?rest_route=\/wp\/v2\/media\/375"}],"wp:attachment":[{"href":"https:\/\/noticiasregionais.com.br\/index.php?rest_route=%2Fwp%2Fv2%2Fmedia&parent=374"}],"wp:term":[{"taxonomy":"category","embeddable":true,"href":"https:\/\/noticiasregionais.com.br\/index.php?rest_route=%2Fwp%2Fv2%2Fcategories&post=374"},{"taxonomy":"post_tag","embeddable":true,"href":"https:\/\/noticiasregionais.com.br\/index.php?rest_route=%2Fwp%2Fv2%2Ftags&post=374"}],"curies":[{"name":"wp","href":"https:\/\/api.w.org\/{rel}","templated":true}]}}