{"id":3742,"date":"2024-10-23T19:49:41","date_gmt":"2024-10-23T22:49:41","guid":{"rendered":"https:\/\/noticiasregionais.com.br\/?p=3742"},"modified":"2024-10-23T19:49:53","modified_gmt":"2024-10-23T22:49:53","slug":"policia-rodoviaria-prende-traficante-com-mais-de-270-kg-de-drogas-em-tupa-sp","status":"publish","type":"post","link":"https:\/\/noticiasregionais.com.br\/?p=3742","title":{"rendered":"Pol\u00edcia Rodovi\u00e1ria prende traficante com mais de 270 kg de drogas em Tup\u00e3\/SP"},"content":{"rendered":"\n<h4 class=\"wp-block-heading has-text-align-center\"><strong>Durante opera\u00e7\u00e3o na Rodovia Comandante Jo\u00e3o Ribeiro de Barros, em Tup\u00e3, policiais apreendem coca\u00edna e crack escondidos em caminh\u00e3o. Traficante \u00e9 preso em flagrante.<\/strong><\/h4>\n\n\n\n<p>Na manh\u00e3 desta ter\u00e7a-feira (22), por volta das 11h, uma equipe da Pol\u00edcia Militar Rodovi\u00e1ria prendeu um traficante durante a Opera\u00e7\u00e3o Impacto\/Divisa, realizada na Rodovia Comandante Jo\u00e3o Ribeiro de Barros (SP-294), km 535, em Tup\u00e3, interior de S\u00e3o Paulo.<\/p>\n\n\n\n<p>Os policiais abordaram um caminh\u00e3o modelo SCANIA\/T124 com semirreboque SR\/RANDON em um posto de combust\u00edveis. Durante a vistoria, foram encontrados 174 tabletes de coca\u00edna, totalizando 192,146 kg, e 77 tabletes de crack, somando 80,711 kg, escondidos no compartimento de carga do ve\u00edculo.<\/p>\n\n\n\n<p>O motorista, \u00fanico ocupante do caminh\u00e3o, foi preso em flagrante e encaminhado \u00e0 Delegacia de Pol\u00edcia de Tup\u00e3. O delegado respons\u00e1vel registrou a ocorr\u00eancia, apreendeu as drogas, o ve\u00edculo e o semirreboque. O suspeito permanece detido, \u00e0 disposi\u00e7\u00e3o da Justi\u00e7a.<\/p>\n\n\n\n<p>Essa a\u00e7\u00e3o faz parte do trabalho cont\u00ednuo da Pol\u00edcia Militar, que est\u00e1 em prepara\u00e7\u00e3o para celebrar seus 200 anos de hist\u00f3ria.<\/p>\n<input type=\"hidden\" id=\"baseurl\" value=\"https:\/\/noticiasregionais.com.br\"><input type=\"hidden\" id=\"audio_nonce\" value=\"533fbb67b1\">","protected":false},"excerpt":{"rendered":"<p>Durante opera\u00e7\u00e3o na Rodovia Comandante Jo\u00e3o Ribeiro de Barros, em Tup\u00e3, policiais apreendem coca\u00edna e crack escondidos em caminh\u00e3o. Traficante&hellip;<\/p>\n","protected":false},"author":1,"featured_media":3743,"comment_status":"closed","ping_status":"open","sticky":false,"template":"","format":"standard","meta":{"sfsi_plus_gutenberg_text_before_share":"","sfsi_plus_gutenberg_show_text_before_share":"","sfsi_plus_gutenberg_icon_type":"","sfsi_plus_gutenberg_icon_alignemt":"","sfsi_plus_gutenburg_max_per_row":"","footnotes":""},"categories":[6,10,1],"tags":[],"class_list":["post-3742","post","type-post","status-publish","format-standard","has-post-thumbnail","hentry","category-sao_paulo","category-destaques","category-noticias"],"_links":{"self":[{"href":"https:\/\/noticiasregionais.com.br\/index.php?rest_route=\/wp\/v2\/posts\/3742","targetHints":{"allow":["GET"]}}],"collection":[{"href":"https:\/\/noticiasregionais.com.br\/index.php?rest_route=\/wp\/v2\/posts"}],"about":[{"href":"https:\/\/noticiasregionais.com.br\/index.php?rest_route=\/wp\/v2\/types\/post"}],"author":[{"embeddable":true,"href":"https:\/\/noticiasregionais.com.br\/index.php?rest_route=\/wp\/v2\/users\/1"}],"replies":[{"embeddable":true,"href":"https:\/\/noticiasregionais.com.br\/index.php?rest_route=%2Fwp%2Fv2%2Fcomments&post=3742"}],"version-history":[{"count":1,"href":"https:\/\/noticiasregionais.com.br\/index.php?rest_route=\/wp\/v2\/posts\/3742\/revisions"}],"predecessor-version":[{"id":3744,"href":"https:\/\/noticiasregionais.com.br\/index.php?rest_route=\/wp\/v2\/posts\/3742\/revisions\/3744"}],"wp:featuredmedia":[{"embeddable":true,"href":"https:\/\/noticiasregionais.com.br\/index.php?rest_route=\/wp\/v2\/media\/3743"}],"wp:attachment":[{"href":"https:\/\/noticiasregionais.com.br\/index.php?rest_route=%2Fwp%2Fv2%2Fmedia&parent=3742"}],"wp:term":[{"taxonomy":"category","embeddable":true,"href":"https:\/\/noticiasregionais.com.br\/index.php?rest_route=%2Fwp%2Fv2%2Fcategories&post=3742"},{"taxonomy":"post_tag","embeddable":true,"href":"https:\/\/noticiasregionais.com.br\/index.php?rest_route=%2Fwp%2Fv2%2Ftags&post=3742"}],"curies":[{"name":"wp","href":"https:\/\/api.w.org\/{rel}","templated":true}]}}