{"id":3745,"date":"2024-10-23T19:59:35","date_gmt":"2024-10-23T22:59:35","guid":{"rendered":"https:\/\/noticiasregionais.com.br\/?p=3745"},"modified":"2024-10-23T19:59:39","modified_gmt":"2024-10-23T22:59:39","slug":"procuradoria-da-mulher-da-camara-de-ourinhos-lanca-campanha-inedita-do-outubro-rosa","status":"publish","type":"post","link":"https:\/\/noticiasregionais.com.br\/?p=3745","title":{"rendered":"Procuradoria da Mulher da C\u00e2mara de Ourinhos lan\u00e7a campanha in\u00e9dita do \u201cOutubro Rosa\u201d"},"content":{"rendered":"\n<h4 class=\"wp-block-heading has-text-align-center\">A\u00e7\u00f5es conta com displays informativos em v\u00e1rios pontos da cidade<\/h4>\n\n\n\n<p>A Procuradoria da Mulher da C\u00e2mara de Ourinhos lan\u00e7ou um projeto in\u00e9dito para chamar a aten\u00e7\u00e3o das mulheres sobre a import\u00e2ncia do \u201colhar para si\u201d na quest\u00e3o da preven\u00e7\u00e3o e, tamb\u00e9m, divulgar informa\u00e7\u00f5es sobre os direitos da pessoa com c\u00e2ncer.<\/p>\n\n\n\n<p>O ponto de partida da campanha foi o Outubro Rosa, m\u00eas mundialmente marcado pela conscientiza\u00e7\u00e3o sobre a import\u00e2ncia dos exames preventivos do c\u00e2ncer de mama.<\/p>\n\n\n\n<p>Displays especialmente montados foram distribu\u00eddos em v\u00e1rios pontos da cidade. Chama a aten\u00e7\u00e3o o espelho, que simboliza um convite para as mulheres priorizarem o autocuidado, o amor-pr\u00f3prio.<\/p>\n\n\n\n<p>Os locais que gentilmente est\u00e3o sendo parceiros da campanha s\u00e3o: Ourinhos Plaza Shopping, Supermercado Bom Jesus, Max Atacadista, Shopping Cinemart, Supermercado Avenida, P\u00e3o de A\u00e7ucar, Supermercado S\u00e3o Judas Tadeu (2 unidades), Maitan Supermercados (2 unidades), sem contar que a C\u00e2mara Municipal tamb\u00e9m conta com um Display.<\/p>\n\n\n\n<p>Foram escolhidos espa\u00e7os de grande fluxo de pessoas para que a Campanha tivesse grande efetividade, pois o display conta tamb\u00e9m com materiais informativos sobre preven\u00e7\u00e3o e direitos das pessoas com c\u00e2ncer.<\/p>\n<input type=\"hidden\" id=\"baseurl\" value=\"https:\/\/noticiasregionais.com.br\"><input type=\"hidden\" id=\"audio_nonce\" value=\"533fbb67b1\">","protected":false},"excerpt":{"rendered":"<p>A\u00e7\u00f5es conta com displays informativos em v\u00e1rios pontos da cidade A Procuradoria da Mulher da C\u00e2mara de Ourinhos lan\u00e7ou um&hellip;<\/p>\n","protected":false},"author":1,"featured_media":3746,"comment_status":"closed","ping_status":"open","sticky":false,"template":"","format":"standard","meta":{"sfsi_plus_gutenberg_text_before_share":"","sfsi_plus_gutenberg_show_text_before_share":"","sfsi_plus_gutenberg_icon_type":"","sfsi_plus_gutenberg_icon_alignemt":"","sfsi_plus_gutenburg_max_per_row":"","footnotes":""},"categories":[5,10,1],"tags":[],"class_list":["post-3745","post","type-post","status-publish","format-standard","has-post-thumbnail","hentry","category-ourinhos","category-destaques","category-noticias"],"_links":{"self":[{"href":"https:\/\/noticiasregionais.com.br\/index.php?rest_route=\/wp\/v2\/posts\/3745","targetHints":{"allow":["GET"]}}],"collection":[{"href":"https:\/\/noticiasregionais.com.br\/index.php?rest_route=\/wp\/v2\/posts"}],"about":[{"href":"https:\/\/noticiasregionais.com.br\/index.php?rest_route=\/wp\/v2\/types\/post"}],"author":[{"embeddable":true,"href":"https:\/\/noticiasregionais.com.br\/index.php?rest_route=\/wp\/v2\/users\/1"}],"replies":[{"embeddable":true,"href":"https:\/\/noticiasregionais.com.br\/index.php?rest_route=%2Fwp%2Fv2%2Fcomments&post=3745"}],"version-history":[{"count":1,"href":"https:\/\/noticiasregionais.com.br\/index.php?rest_route=\/wp\/v2\/posts\/3745\/revisions"}],"predecessor-version":[{"id":3747,"href":"https:\/\/noticiasregionais.com.br\/index.php?rest_route=\/wp\/v2\/posts\/3745\/revisions\/3747"}],"wp:featuredmedia":[{"embeddable":true,"href":"https:\/\/noticiasregionais.com.br\/index.php?rest_route=\/wp\/v2\/media\/3746"}],"wp:attachment":[{"href":"https:\/\/noticiasregionais.com.br\/index.php?rest_route=%2Fwp%2Fv2%2Fmedia&parent=3745"}],"wp:term":[{"taxonomy":"category","embeddable":true,"href":"https:\/\/noticiasregionais.com.br\/index.php?rest_route=%2Fwp%2Fv2%2Fcategories&post=3745"},{"taxonomy":"post_tag","embeddable":true,"href":"https:\/\/noticiasregionais.com.br\/index.php?rest_route=%2Fwp%2Fv2%2Ftags&post=3745"}],"curies":[{"name":"wp","href":"https:\/\/api.w.org\/{rel}","templated":true}]}}