{"id":3751,"date":"2024-10-23T20:44:22","date_gmt":"2024-10-23T23:44:22","guid":{"rendered":"https:\/\/noticiasregionais.com.br\/?p=3751"},"modified":"2024-10-23T20:44:33","modified_gmt":"2024-10-23T23:44:33","slug":"prefeito-de-ourinhos-retira-veiculo-da-aadf-deixando-pessoas-com-deficiencia-sem-transporte-para-tratamentos","status":"publish","type":"post","link":"https:\/\/noticiasregionais.com.br\/?p=3751","title":{"rendered":"Prefeito de Ourinhos retira ve\u00edculo da AADF, deixando pessoas com defici\u00eancia sem transporte para tratamentos"},"content":{"rendered":"\n<h4 class=\"wp-block-heading has-text-align-center\"><strong>Decis\u00e3o judicial ordena a devolu\u00e7\u00e3o do \u00fanico ve\u00edculo da entidade, comprometendo o transporte de quase 150 usu\u00e1rios que dependem de reabilita\u00e7\u00e3o e atendimento m\u00e9dico.<\/strong><\/h4>\n\n\n\n<p>A Associa\u00e7\u00e3o de Assist\u00eancia aos Deficientes F\u00edsicos (AADF) de Ourinhos sofreu mais um golpe devastador. Nesta ter\u00e7a-feira (22), a prefeitura, sob a gest\u00e3o do prefeito Lucas Pocay, retirou judicialmente o \u00fanico ve\u00edculo da entidade, fundamental para o transporte dos usu\u00e1rios que dependem da associa\u00e7\u00e3o para tratamentos e reabilita\u00e7\u00e3o.<\/p>\n\n\n\n<p>A decis\u00e3o, que j\u00e1 gerou ampla como\u00e7\u00e3o e indigna\u00e7\u00e3o na cidade, compromete diretamente o atendimento de quase 150 pessoas com defici\u00eancia f\u00edsica, que necessitam dos servi\u00e7os di\u00e1rios oferecidos pela AADF. O ve\u00edculo retirado era utilizado para buscar os pacientes em suas casas e lev\u00e1-los at\u00e9 a sede da associa\u00e7\u00e3o, onde recebem suporte terap\u00eautico essencial para sua qualidade de vida.<\/p>\n\n\n\n<p>O rompimento do contrato de apoio entre a prefeitura e a AADF ocorreu h\u00e1 cerca de um ano, mas a situa\u00e7\u00e3o atingiu seu ponto mais cr\u00edtico com a recente retirada do ve\u00edculo. A entidade, que h\u00e1 45 anos presta um servi\u00e7o indispens\u00e1vel \u00e0 inclus\u00e3o e ao cuidado das pessoas com defici\u00eancia, agora se v\u00ea sem meios de continuar o transporte dos usu\u00e1rios.<\/p>\n\n\n\n<p>Edu Bala, procurador jur\u00eddico da AADF, expressou em suas redes sociais o sentimento de derrota ap\u00f3s a batalha judicial:<\/p>\n\n\n\n<p><em>&#8220;Hoje \u00e9 como se estiv\u00e9ssemos em um vel\u00f3rio. Lutamos para manter o m\u00ednimo de dignidade para nossos usu\u00e1rios, mas sem o ve\u00edculo, n\u00e3o temos como transport\u00e1-los para os tratamentos. O prefeito, que poderia ter demonstrado compaix\u00e3o, escolheu seguir um caminho cruel, deixando essas pessoas sem o que \u00e9 essencial para elas.&#8221;<\/em><\/p>\n\n\n\n<p>A repercuss\u00e3o foi imediata, com manifesta\u00e7\u00f5es de solidariedade \u00e0 entidade. O vice-prefeito eleito de Ourinhos, Alexandre Ara\u00fajo Dau\u00e1ge, conhecido como Alexandre Z\u00f3io, divulgou um v\u00eddeo nas redes sociais demonstrando revolta com a atitude da atual administra\u00e7\u00e3o:<\/p>\n\n\n\n<p><em>&#8220;\u00c9 uma tristeza enorme ver o que est\u00e1 acontecendo com a AADF. Retirar o ve\u00edculo que transporta os deficientes \u00e9 desumano. Essas pessoas precisam desse transporte para continuar com seus tratamentos. O que a prefeitura fez hoje \u00e9 lament\u00e1vel e vai contra qualquer discurso de inclus\u00e3o.&#8221;<\/em><\/p>\n\n\n\n<p>A AADF j\u00e1 vinha enfrentando dificuldades financeiras desde o rompimento dos contratos com a prefeitura, mas a perda do ve\u00edculo coloca em risco a continuidade do trabalho que vinha sendo realizado h\u00e1 mais de quatro d\u00e9cadas.<\/p>\n\n\n\n<p>Com a retirada do transporte, muitos usu\u00e1rios, que j\u00e1 enfrentam limita\u00e7\u00f5es severas, ficar\u00e3o sem a possibilidade de comparecer aos atendimentos oferecidos pela associa\u00e7\u00e3o. A comunidade de Ourinhos aguarda com ansiedade que a pr\u00f3xima gest\u00e3o, liderada pelo prefeito eleito Guilherme Gon\u00e7alves, reverta essa situa\u00e7\u00e3o e restabele\u00e7a o apoio \u00e0 entidade.<\/p>\n\n\n\n<p>A a\u00e7\u00e3o da atual gest\u00e3o \u00e9 vista como uma medida extrema, que ignora as necessidades b\u00e1sicas dos cidad\u00e3os mais vulner\u00e1veis, e a indigna\u00e7\u00e3o cresce \u00e0 medida que se espalham relatos dos familiares e usu\u00e1rios que dependiam desse transporte. Para eles, a AADF era mais do que um servi\u00e7o, era um espa\u00e7o de inclus\u00e3o e dignidade. Agora, sem o ve\u00edculo, essa dignidade est\u00e1 amea\u00e7ada.<\/p>\n<input type=\"hidden\" id=\"baseurl\" value=\"https:\/\/noticiasregionais.com.br\"><input type=\"hidden\" id=\"audio_nonce\" value=\"533fbb67b1\">","protected":false},"excerpt":{"rendered":"<p>Decis\u00e3o judicial ordena a devolu\u00e7\u00e3o do \u00fanico ve\u00edculo da entidade, comprometendo o transporte de quase 150 usu\u00e1rios que dependem de&hellip;<\/p>\n","protected":false},"author":1,"featured_media":1374,"comment_status":"closed","ping_status":"open","sticky":false,"template":"","format":"standard","meta":{"sfsi_plus_gutenberg_text_before_share":"","sfsi_plus_gutenberg_show_text_before_share":"","sfsi_plus_gutenberg_icon_type":"","sfsi_plus_gutenberg_icon_alignemt":"","sfsi_plus_gutenburg_max_per_row":"","footnotes":""},"categories":[5,12,1],"tags":[],"class_list":["post-3751","post","type-post","status-publish","format-standard","has-post-thumbnail","hentry","category-ourinhos","category-capa","category-noticias"],"_links":{"self":[{"href":"https:\/\/noticiasregionais.com.br\/index.php?rest_route=\/wp\/v2\/posts\/3751","targetHints":{"allow":["GET"]}}],"collection":[{"href":"https:\/\/noticiasregionais.com.br\/index.php?rest_route=\/wp\/v2\/posts"}],"about":[{"href":"https:\/\/noticiasregionais.com.br\/index.php?rest_route=\/wp\/v2\/types\/post"}],"author":[{"embeddable":true,"href":"https:\/\/noticiasregionais.com.br\/index.php?rest_route=\/wp\/v2\/users\/1"}],"replies":[{"embeddable":true,"href":"https:\/\/noticiasregionais.com.br\/index.php?rest_route=%2Fwp%2Fv2%2Fcomments&post=3751"}],"version-history":[{"count":1,"href":"https:\/\/noticiasregionais.com.br\/index.php?rest_route=\/wp\/v2\/posts\/3751\/revisions"}],"predecessor-version":[{"id":3752,"href":"https:\/\/noticiasregionais.com.br\/index.php?rest_route=\/wp\/v2\/posts\/3751\/revisions\/3752"}],"wp:featuredmedia":[{"embeddable":true,"href":"https:\/\/noticiasregionais.com.br\/index.php?rest_route=\/wp\/v2\/media\/1374"}],"wp:attachment":[{"href":"https:\/\/noticiasregionais.com.br\/index.php?rest_route=%2Fwp%2Fv2%2Fmedia&parent=3751"}],"wp:term":[{"taxonomy":"category","embeddable":true,"href":"https:\/\/noticiasregionais.com.br\/index.php?rest_route=%2Fwp%2Fv2%2Fcategories&post=3751"},{"taxonomy":"post_tag","embeddable":true,"href":"https:\/\/noticiasregionais.com.br\/index.php?rest_route=%2Fwp%2Fv2%2Ftags&post=3751"}],"curies":[{"name":"wp","href":"https:\/\/api.w.org\/{rel}","templated":true}]}}