{"id":3753,"date":"2024-10-23T21:02:03","date_gmt":"2024-10-24T00:02:03","guid":{"rendered":"https:\/\/noticiasregionais.com.br\/?p=3753"},"modified":"2024-10-23T21:02:16","modified_gmt":"2024-10-24T00:02:16","slug":"com-nova-previsao-de-chuvas-e-ventos-defesa-civil-de-sp-reforca-acoes-preventivas-e-de-monitoramento","status":"publish","type":"post","link":"https:\/\/noticiasregionais.com.br\/?p=3753","title":{"rendered":"Com nova previs\u00e3o de chuvas e ventos, Defesa Civil de SP refor\u00e7a a\u00e7\u00f5es preventivas e de monitoramento"},"content":{"rendered":"\n<h4 class=\"wp-block-heading has-text-align-center\">Meteorologistas apontam que entre quinta e sexta os ventos podem ultrapassar os 70km\/h em algumas regi\u00f5es do estado<\/h4>\n\n\n\n<p>A Defesa Civil do Estado de S\u00e3o Paulo vai refor\u00e7ar as a\u00e7\u00f5es de preven\u00e7\u00e3o e monitoramento ap\u00f3s nova previs\u00e3o de chuvas e ventos que podem ultrapassar os 70 km\/h no Estado. Com o objetivo de garantir a pronta resposta \u00e0 popula\u00e7\u00e3o em caso de emerg\u00eancia, <a href=\"https:\/\/www.agenciasp.sp.gov.br\/sp-monta-gabinete-de-crise-para-enfrentamento-as-chuvas-a-partir-de-8h-desta-sexta-18\/\" target=\"_blank\" rel=\"noopener\">o \u00f3rg\u00e3o montar\u00e1 um gabinete de crise que vai operar entre quinta (24) e sexta-feira (25)<\/a> com a presen\u00e7a de representantes das for\u00e7as de seguran\u00e7a do estado e das concession\u00e1rias de servi\u00e7os p\u00fablico.<\/p>\n\n\n\n<p>De acordo com boletim meteorol\u00f3gico da Defesa Civil, um sistema que atualmente est\u00e1 no Sul do pa\u00eds cria condi\u00e7\u00f5es para rajadas de vento intensas. Aten\u00e7\u00e3o especial para a Baixada Santista e Regi\u00e3o Metropolitana de S\u00e3o Paulo. Com isso, o \u00f3rg\u00e3o realizar\u00e1 atividades preventivas nessas regi\u00f5es, em especial em \u00e1reas mais vulner\u00e1veis, com risco de desabamentos, alagamentos e ocorr\u00eancias relacionadas a descargas el\u00e9tricas.<\/p>\n\n\n\n<p>Na Baixada Santista, est\u00e3o previstos ventos de 100 km\/h. J\u00e1 no Litoral Norte de SP, podem atingir 90 km\/h (equivalente a 48,6 n\u00f3s e o limite, nesta regi\u00e3o, \u00e9 de 25). A Secretaria de Meio Ambiente, Infraestrutura e Log\u00edstica (Semil) esclarece que, caso o fen\u00f4meno ocorra, o servi\u00e7o de balsas das Travessias da Baixada Santista e S\u00e3o Sebasti\u00e3o\/ Ilhabela poder\u00e1 ser impactado. O Departamento Hidrovi\u00e1rio (DH) monitora as condi\u00e7\u00f5es clim\u00e1ticas, garantindo assim a seguran\u00e7a dos usu\u00e1rios e das tripula\u00e7\u00f5es.<\/p>\n\n\n\n<h2 class=\"wp-block-heading\">Orienta\u00e7\u00f5es de seguran\u00e7a:<\/h2>\n\n\n\n<p>\u2022 Evite lugares abertos, como praias, campos de futebol e estacionamentos<br>\u2022 Evite ficar perto de objetos altos e isolados, como \u00e1rvores, postes, caixas d\u2019\u00e1gua e quiosques<br>\u2022 No momento da chuva mantenha dist\u00e2ncia de aparelhos e objetos ligados \u00e0 rede el\u00e9trica, como geladeiras, fog\u00f5es e TVs<br>\u2022 Evite tomar banho durante a tempestade<br>\u2022 Em caso de ventos fortes, tenha cuidado com a queda de \u00e1rvores, postes, fios e sem\u00e1foros<br>\u2022 N\u00e3o desafie a for\u00e7a das \u00e1guas, n\u00e3o tente transpor uma enxurrada ou andar em \u00e1reas alagadas<br>\u2022 Se estiver em uma \u00e1rea de encosta, observe sinais de movimenta\u00e7\u00e3o do solo, como rachaduras nas paredes, \u00e1rvores e postes inclinados, e \u00e1gua lamacenta<br>\u2022 Se um fio energizado cair sobre o ve\u00edculo, permane\u00e7a dentro do carro e ligue para o servi\u00e7o de emerg\u00eancia<\/p>\n<input type=\"hidden\" id=\"baseurl\" value=\"https:\/\/noticiasregionais.com.br\"><input type=\"hidden\" id=\"audio_nonce\" value=\"533fbb67b1\">","protected":false},"excerpt":{"rendered":"<p>Meteorologistas apontam que entre quinta e sexta os ventos podem ultrapassar os 70km\/h em algumas regi\u00f5es do estado A Defesa&hellip;<\/p>\n","protected":false},"author":1,"featured_media":3754,"comment_status":"closed","ping_status":"open","sticky":false,"template":"","format":"standard","meta":{"sfsi_plus_gutenberg_text_before_share":"","sfsi_plus_gutenberg_show_text_before_share":"","sfsi_plus_gutenberg_icon_type":"","sfsi_plus_gutenberg_icon_alignemt":"","sfsi_plus_gutenburg_max_per_row":"","footnotes":""},"categories":[6,10,1],"tags":[],"class_list":["post-3753","post","type-post","status-publish","format-standard","has-post-thumbnail","hentry","category-sao_paulo","category-destaques","category-noticias"],"_links":{"self":[{"href":"https:\/\/noticiasregionais.com.br\/index.php?rest_route=\/wp\/v2\/posts\/3753","targetHints":{"allow":["GET"]}}],"collection":[{"href":"https:\/\/noticiasregionais.com.br\/index.php?rest_route=\/wp\/v2\/posts"}],"about":[{"href":"https:\/\/noticiasregionais.com.br\/index.php?rest_route=\/wp\/v2\/types\/post"}],"author":[{"embeddable":true,"href":"https:\/\/noticiasregionais.com.br\/index.php?rest_route=\/wp\/v2\/users\/1"}],"replies":[{"embeddable":true,"href":"https:\/\/noticiasregionais.com.br\/index.php?rest_route=%2Fwp%2Fv2%2Fcomments&post=3753"}],"version-history":[{"count":1,"href":"https:\/\/noticiasregionais.com.br\/index.php?rest_route=\/wp\/v2\/posts\/3753\/revisions"}],"predecessor-version":[{"id":3755,"href":"https:\/\/noticiasregionais.com.br\/index.php?rest_route=\/wp\/v2\/posts\/3753\/revisions\/3755"}],"wp:featuredmedia":[{"embeddable":true,"href":"https:\/\/noticiasregionais.com.br\/index.php?rest_route=\/wp\/v2\/media\/3754"}],"wp:attachment":[{"href":"https:\/\/noticiasregionais.com.br\/index.php?rest_route=%2Fwp%2Fv2%2Fmedia&parent=3753"}],"wp:term":[{"taxonomy":"category","embeddable":true,"href":"https:\/\/noticiasregionais.com.br\/index.php?rest_route=%2Fwp%2Fv2%2Fcategories&post=3753"},{"taxonomy":"post_tag","embeddable":true,"href":"https:\/\/noticiasregionais.com.br\/index.php?rest_route=%2Fwp%2Fv2%2Ftags&post=3753"}],"curies":[{"name":"wp","href":"https:\/\/api.w.org\/{rel}","templated":true}]}}