{"id":3756,"date":"2024-10-24T12:21:16","date_gmt":"2024-10-24T15:21:16","guid":{"rendered":"https:\/\/noticiasregionais.com.br\/?p=3756"},"modified":"2024-10-24T12:36:01","modified_gmt":"2024-10-24T15:36:01","slug":"familia-de-ourinhos-busca-apoio-para-cirurgia-de-arthur-menino-de-11-anos-com-condicao-rara","status":"publish","type":"post","link":"https:\/\/noticiasregionais.com.br\/?p=3756","title":{"rendered":"Fam\u00edlia de Ourinhos busca apoio para cirurgia de Arthur, menino de 11 anos com condi\u00e7\u00e3o rara"},"content":{"rendered":"\n<h4 class=\"wp-block-heading has-text-align-center\">Vakinha online recebe contribui\u00e7\u00f5es<\/h4>\n\n\n\n<p><a href=\"https:\/\/www.vakinha.com.br\/vaquinha\/ajude-o-arthur-realizar-sua-cirurgia-ortopedica\" target=\"_blank\" rel=\"noopener\">https:\/\/www.vakinha.com.br\/vaquinha\/ajude-o-arthur-realizar-sua-cirurgia-ortopedica<\/a><\/p>\n\n\n\n<p>A fam\u00edlia de Arthur, um menino de 11 anos diagnosticado com a S\u00edndrome de Lennox-Gastaut (SLG), est\u00e1 fazendo um apelo emocionante \u00e0 comunidade. O menino, que enfrenta limita\u00e7\u00f5es severas devido \u00e0 s\u00edndrome rara que provoca crises epil\u00e9pticas e outras complica\u00e7\u00f5es, necessita urgentemente de uma cirurgia ortop\u00e9dica para recuperar sua capacidade de andar. Sem previs\u00e3o de atendimento pelo SUS, a fam\u00edlia criou uma campanha de arrecada\u00e7\u00e3o por meio de uma Vakinha virtual para custear o procedimento.<\/p>\n\n\n\n<p>Arthur foi diagnosticado com SLG aos 3 anos e, desde ent\u00e3o, precisa de assist\u00eancia integral. Ele n\u00e3o fala, usa fraldas e depende totalmente de sua m\u00e3e, padrasto e av\u00f3s para realizar atividades cotidianas como se alimentar e tomar banho. No \u00faltimo ano, sua condi\u00e7\u00e3o f\u00edsica se agravou, tornando-se dependente de cadeira de rodas devido \u00e0 deformidade em ambos os p\u00e9s, que agora requerem corre\u00e7\u00e3o cir\u00fargica.<\/p>\n\n\n\n<p>A cirurgia foi recomendada por m\u00e9dicos, mas os custos s\u00e3o altos. A fam\u00edlia, que vive com recursos limitados, buscou a realiza\u00e7\u00e3o do procedimento pelo Sistema \u00danico de Sa\u00fade (SUS), mas at\u00e9 o momento n\u00e3o h\u00e1 previs\u00e3o para que isso aconte\u00e7a. Diante da urg\u00eancia do caso e da falta de recursos, a campanha foi criada no dia 22 de outubro de 2024, com a meta de arrecadar R$ 20.150,00.<\/p>\n\n\n\n<p>At\u00e9 agora, foram arrecadados R$ 3.625,00, e a fam\u00edlia segue esperan\u00e7osa de que, com o apoio da popula\u00e7\u00e3o, conseguir\u00e3o atingir o valor necess\u00e1rio. Para contribuir, qualquer quantia pode ser doada via Pix, utilizando a chave <a>5152890@vakinha.com.br<\/a>. Mesmo que n\u00e3o seja poss\u00edvel contribuir financeiramente, a divulga\u00e7\u00e3o da campanha \u00e9 uma forma valiosa de ajudar.<\/p>\n\n\n\n<p>&#8220;Agradecemos de cora\u00e7\u00e3o sua ajuda e que Deus retribua infinitamente sua generosidade&#8221;, escreveu a m\u00e3e de Arthur na campanha, apelando \u00e0 solidariedade de todos. Cada contribui\u00e7\u00e3o, por menor que seja, pode fazer a diferen\u00e7a na vida de Arthur, trazendo a possibilidade de que ele volte a caminhar e tenha mais qualidade de vida.<\/p>\n\n\n\n<p>A campanha segue ativa, e a fam\u00edlia est\u00e1 dispon\u00edvel para prestar esclarecimentos e compartilhar laudos m\u00e9dicos para quem desejar mais informa\u00e7\u00f5es.<\/p>\n\n\n\n<h3 class=\"wp-block-heading\">Como ajudar<\/h3>\n\n\n\n<ul class=\"wp-block-list\">\n<li>Contribua via Pix: <a>5152890@vakinha.com.br<\/a><\/li>\n\n\n\n<li>Qualquer valor \u00e9 bem-vindo.<\/li>\n\n\n\n<li>Divulgar a campanha nas redes sociais tamb\u00e9m \u00e9 uma forma de colaborar.<\/li>\n<\/ul>\n\n\n\n<p>O apoio da comunidade \u00e9 essencial para que Arthur tenha uma nova chance de andar e melhorar sua qualidade de vida. Juntos, podemos ajudar essa fam\u00edlia a realizar esse sonho t\u00e3o necess\u00e1rio!<\/p>\n<input type=\"hidden\" id=\"baseurl\" value=\"https:\/\/noticiasregionais.com.br\"><input type=\"hidden\" id=\"audio_nonce\" value=\"533fbb67b1\">","protected":false},"excerpt":{"rendered":"<p>Vakinha online recebe contribui\u00e7\u00f5es https:\/\/www.vakinha.com.br\/vaquinha\/ajude-o-arthur-realizar-sua-cirurgia-ortopedica A fam\u00edlia de Arthur, um menino de 11 anos diagnosticado com a S\u00edndrome de Lennox-Gastaut&hellip;<\/p>\n","protected":false},"author":1,"featured_media":3757,"comment_status":"closed","ping_status":"open","sticky":false,"template":"","format":"standard","meta":{"sfsi_plus_gutenberg_text_before_share":"","sfsi_plus_gutenberg_show_text_before_share":"","sfsi_plus_gutenberg_icon_type":"","sfsi_plus_gutenberg_icon_alignemt":"","sfsi_plus_gutenburg_max_per_row":"","footnotes":""},"categories":[5,10,1],"tags":[],"class_list":["post-3756","post","type-post","status-publish","format-standard","has-post-thumbnail","hentry","category-ourinhos","category-destaques","category-noticias"],"_links":{"self":[{"href":"https:\/\/noticiasregionais.com.br\/index.php?rest_route=\/wp\/v2\/posts\/3756","targetHints":{"allow":["GET"]}}],"collection":[{"href":"https:\/\/noticiasregionais.com.br\/index.php?rest_route=\/wp\/v2\/posts"}],"about":[{"href":"https:\/\/noticiasregionais.com.br\/index.php?rest_route=\/wp\/v2\/types\/post"}],"author":[{"embeddable":true,"href":"https:\/\/noticiasregionais.com.br\/index.php?rest_route=\/wp\/v2\/users\/1"}],"replies":[{"embeddable":true,"href":"https:\/\/noticiasregionais.com.br\/index.php?rest_route=%2Fwp%2Fv2%2Fcomments&post=3756"}],"version-history":[{"count":2,"href":"https:\/\/noticiasregionais.com.br\/index.php?rest_route=\/wp\/v2\/posts\/3756\/revisions"}],"predecessor-version":[{"id":3759,"href":"https:\/\/noticiasregionais.com.br\/index.php?rest_route=\/wp\/v2\/posts\/3756\/revisions\/3759"}],"wp:featuredmedia":[{"embeddable":true,"href":"https:\/\/noticiasregionais.com.br\/index.php?rest_route=\/wp\/v2\/media\/3757"}],"wp:attachment":[{"href":"https:\/\/noticiasregionais.com.br\/index.php?rest_route=%2Fwp%2Fv2%2Fmedia&parent=3756"}],"wp:term":[{"taxonomy":"category","embeddable":true,"href":"https:\/\/noticiasregionais.com.br\/index.php?rest_route=%2Fwp%2Fv2%2Fcategories&post=3756"},{"taxonomy":"post_tag","embeddable":true,"href":"https:\/\/noticiasregionais.com.br\/index.php?rest_route=%2Fwp%2Fv2%2Ftags&post=3756"}],"curies":[{"name":"wp","href":"https:\/\/api.w.org\/{rel}","templated":true}]}}