{"id":3760,"date":"2024-10-28T16:22:36","date_gmt":"2024-10-28T19:22:36","guid":{"rendered":"https:\/\/noticiasregionais.com.br\/?p=3760"},"modified":"2024-10-28T16:22:50","modified_gmt":"2024-10-28T19:22:50","slug":"reforma-tributaria-e-emendas-parlamentares-voltam-a-ser-destaque","status":"publish","type":"post","link":"https:\/\/noticiasregionais.com.br\/?p=3760","title":{"rendered":"Reforma tribut\u00e1ria e emendas parlamentares voltam a ser destaque"},"content":{"rendered":"\n<h4 class=\"wp-block-heading has-text-align-center\">Com o fim das elei\u00e7\u00f5es municipais, parlamentares correm com assuntos mais importantes para serem debatidos esta semana<\/h4>\n\n\n\n<p>Com o fim das elei\u00e7\u00f5es municipais, o Congresso Nacional volta a funcionar a pleno vapor esta semana. E a reforma tribut\u00e1ria est\u00e1 entre os assuntos. Na ter\u00e7a-feira (29), o grupo de trabalho criado para debater o primeiro texto de regulamenta\u00e7\u00e3o do novo sistema vai apresentar o relat\u00f3rio final das 21 audi\u00eancias p\u00fablicas feitas pelo GT, a partir das 10h, na Comiss\u00e3o de Assunto Econ\u00f4micos (CAE) do Senado.&nbsp;<\/p>\n\n\n\n<p>Entre os principais temas debatidos nas sess\u00f5es, e com emendas previstas, est\u00e3o as exce\u00e7\u00f5es. Itens da cesta b\u00e1sica, isen\u00e7\u00e3o de al\u00edquotas para carros usados por pessoas com defici\u00eancia, al\u00e9m de medicamentos da Farm\u00e1cia Popular e redu\u00e7\u00e3o de tributos para a educa\u00e7\u00e3o est\u00e3o entre os principais pontos que devem receber tributa\u00e7\u00e3o especial, se as emendas forem acatadas.<\/p>\n\n\n\n<h2 class=\"wp-block-heading\">Mais audi\u00eancias p\u00fablicas, agora na CCJ<\/h2>\n\n\n\n<p>Tamb\u00e9m na ter\u00e7a-feira (29) a &nbsp;Comiss\u00e3o de Constitui\u00e7\u00e3o e Justi\u00e7a (CCJ) do Senado come\u00e7a a debater o texto. O ciclo de debates e audi\u00eancias p\u00fablicas est\u00e1 previsto at\u00e9 dia 14 de novembro. Mas as 11 audi\u00eancias previstas j\u00e1 vem causando pol\u00eamica entre os setores mais afetados pela reforma.&nbsp;<\/p>\n\n\n\n<p>Uma das entidades mais atuantes no debate, a Confedera\u00e7\u00e3o das Associa\u00e7\u00f5es Comerciais e Empresariais do Brasil (CACB), que representa todos os estados brasileiros e mais de 2 milh\u00f5es de empresas, ficou de fora. Sem convite para os debates, o presidente da institui\u00e7\u00e3o, Alfredo Cotait Neto, se manifestou.<\/p>\n\n\n\n<p>\u201cA n\u00e3o inclus\u00e3o da CACB, leg\u00edtima representante dos micro e pequenos empreendedores e empresas, \u00e9 uma constata\u00e7\u00e3o que desqualifica esta audi\u00eancia p\u00fablica, pois est\u00e1 fazendo governo com governo. Onde est\u00e1 a sociedade civil organizada?\u201d, questionou Cotait.&nbsp;<\/p>\n\n\n\n<h2 class=\"wp-block-heading\">Emendas parlamentares<\/h2>\n\n\n\n<p>Outra vota\u00e7\u00e3o importante prevista para esta semana no Congresso \u00e9 a que trata das emendas parlamentares. Um acordo firmado na semana passada entre o Legislativo e o Supremo Tribunal Federal (STF) prev\u00ea a aprecia\u00e7\u00e3o do Projeto de Lei Complementar sobre esses repasses.&nbsp;<\/p>\n\n\n\n<p>A negocia\u00e7\u00e3o sobre o assunto vem sendo feita desde agosto, quando o ministro Fl\u00e1vio Dino, do STF, determinou a suspens\u00e3o da execu\u00e7\u00e3o das emendas parlamentares de comiss\u00e3o e determinou a implanta\u00e7\u00e3o de novas medidas para esses repasses.&nbsp;<\/p>\n\n\n\n<p>S\u00f3 depois da aprova\u00e7\u00e3o do projeto nas duas Casas \u00e9 que o relator Fl\u00e1vio Dino&nbsp;deve avaliar a continuidade da execu\u00e7\u00e3o das emendas e submeter o tema ao plen\u00e1rio para avalia\u00e7\u00e3o dos outros ministros.<\/p>\n\n\n\n<p>Fonte: <a href=\"https:\/\/brasil61.com\/n\/semana-no-congresso-relatorio-sobre-reforma-tributaria-e-emendas-parlamentares-voltam-a-ser-destaque-bras2412894\" target=\"_blank\" rel=\"noreferrer noopener\">Brasil 61<\/a><\/p>\n<input type=\"hidden\" id=\"baseurl\" value=\"https:\/\/noticiasregionais.com.br\"><input type=\"hidden\" id=\"audio_nonce\" value=\"533fbb67b1\">","protected":false},"excerpt":{"rendered":"<p>Com o fim das elei\u00e7\u00f5es municipais, parlamentares correm com assuntos mais importantes para serem debatidos esta semana Com o fim&hellip;<\/p>\n","protected":false},"author":1,"featured_media":3761,"comment_status":"closed","ping_status":"open","sticky":false,"template":"","format":"standard","meta":{"sfsi_plus_gutenberg_text_before_share":"","sfsi_plus_gutenberg_show_text_before_share":"","sfsi_plus_gutenberg_icon_type":"","sfsi_plus_gutenberg_icon_alignemt":"","sfsi_plus_gutenburg_max_per_row":"","footnotes":""},"categories":[8,10,1],"tags":[],"class_list":["post-3760","post","type-post","status-publish","format-standard","has-post-thumbnail","hentry","category-brasil","category-destaques","category-noticias"],"_links":{"self":[{"href":"https:\/\/noticiasregionais.com.br\/index.php?rest_route=\/wp\/v2\/posts\/3760","targetHints":{"allow":["GET"]}}],"collection":[{"href":"https:\/\/noticiasregionais.com.br\/index.php?rest_route=\/wp\/v2\/posts"}],"about":[{"href":"https:\/\/noticiasregionais.com.br\/index.php?rest_route=\/wp\/v2\/types\/post"}],"author":[{"embeddable":true,"href":"https:\/\/noticiasregionais.com.br\/index.php?rest_route=\/wp\/v2\/users\/1"}],"replies":[{"embeddable":true,"href":"https:\/\/noticiasregionais.com.br\/index.php?rest_route=%2Fwp%2Fv2%2Fcomments&post=3760"}],"version-history":[{"count":1,"href":"https:\/\/noticiasregionais.com.br\/index.php?rest_route=\/wp\/v2\/posts\/3760\/revisions"}],"predecessor-version":[{"id":3762,"href":"https:\/\/noticiasregionais.com.br\/index.php?rest_route=\/wp\/v2\/posts\/3760\/revisions\/3762"}],"wp:featuredmedia":[{"embeddable":true,"href":"https:\/\/noticiasregionais.com.br\/index.php?rest_route=\/wp\/v2\/media\/3761"}],"wp:attachment":[{"href":"https:\/\/noticiasregionais.com.br\/index.php?rest_route=%2Fwp%2Fv2%2Fmedia&parent=3760"}],"wp:term":[{"taxonomy":"category","embeddable":true,"href":"https:\/\/noticiasregionais.com.br\/index.php?rest_route=%2Fwp%2Fv2%2Fcategories&post=3760"},{"taxonomy":"post_tag","embeddable":true,"href":"https:\/\/noticiasregionais.com.br\/index.php?rest_route=%2Fwp%2Fv2%2Ftags&post=3760"}],"curies":[{"name":"wp","href":"https:\/\/api.w.org\/{rel}","templated":true}]}}