{"id":3763,"date":"2024-10-28T16:33:09","date_gmt":"2024-10-28T19:33:09","guid":{"rendered":"https:\/\/noticiasregionais.com.br\/?p=3763"},"modified":"2024-10-28T16:33:21","modified_gmt":"2024-10-28T19:33:21","slug":"grave-acidente-deixa-uma-vitima-fatal-na-br-153-em-jacarezinho","status":"publish","type":"post","link":"https:\/\/noticiasregionais.com.br\/?p=3763","title":{"rendered":"Grave acidente deixa uma v\u00edtima fatal na BR-153, em Jacarezinho"},"content":{"rendered":"\n<p>Na madrugada desta segunda-feira (28), um grave acidente foi registrado no km 22,4 da BR-153, na altura do munic\u00edpio de Jacarezinho, no norte do Paran\u00e1. A Pol\u00edcia Rodovi\u00e1ria Federal (PRF) de Santo Ant\u00f4nio da Platina foi acionada pelo Corpo de Bombeiros por volta das 5h para atender uma colis\u00e3o frontal envolvendo dois ve\u00edculos: uma VW Saveiro, pertencente \u00e0 CCR EPR e utilizada para inspe\u00e7\u00e3o rodovi\u00e1ria, e uma GM Montana com placas de Sorocaba (SP).<\/p>\n\n\n\n<p>Infelizmente, o condutor da GM Montana, um homem de 68 anos, n\u00e3o resistiu aos ferimentos e faleceu ainda no local do acidente. As equipes de resgate e socorro trabalharam na cena, mas n\u00e3o houve tempo para salv\u00e1-lo.<\/p>\n\n\n\n<p>A PRF \u00e9 respons\u00e1vel pela investiga\u00e7\u00e3o do caso e dever\u00e1 elaborar o laudo pericial de tr\u00e2nsito, que determinar\u00e1 as causas exatas do acidente. A rodovia BR-153 \u00e9 uma importante via que corta a regi\u00e3o e, com esse triste incidente, refor\u00e7a-se a aten\u00e7\u00e3o necess\u00e1ria para evitar novas trag\u00e9dias.<\/p>\n<input type=\"hidden\" id=\"baseurl\" value=\"https:\/\/noticiasregionais.com.br\"><input type=\"hidden\" id=\"audio_nonce\" value=\"533fbb67b1\">","protected":false},"excerpt":{"rendered":"<p>Na madrugada desta segunda-feira (28), um grave acidente foi registrado no km 22,4 da BR-153, na altura do munic\u00edpio de&hellip;<\/p>\n","protected":false},"author":1,"featured_media":3764,"comment_status":"closed","ping_status":"open","sticky":false,"template":"","format":"standard","meta":{"sfsi_plus_gutenberg_text_before_share":"","sfsi_plus_gutenberg_show_text_before_share":"","sfsi_plus_gutenberg_icon_type":"","sfsi_plus_gutenberg_icon_alignemt":"","sfsi_plus_gutenburg_max_per_row":"","footnotes":""},"categories":[7,12,1],"tags":[],"class_list":["post-3763","post","type-post","status-publish","format-standard","has-post-thumbnail","hentry","category-parana","category-capa","category-noticias"],"_links":{"self":[{"href":"https:\/\/noticiasregionais.com.br\/index.php?rest_route=\/wp\/v2\/posts\/3763","targetHints":{"allow":["GET"]}}],"collection":[{"href":"https:\/\/noticiasregionais.com.br\/index.php?rest_route=\/wp\/v2\/posts"}],"about":[{"href":"https:\/\/noticiasregionais.com.br\/index.php?rest_route=\/wp\/v2\/types\/post"}],"author":[{"embeddable":true,"href":"https:\/\/noticiasregionais.com.br\/index.php?rest_route=\/wp\/v2\/users\/1"}],"replies":[{"embeddable":true,"href":"https:\/\/noticiasregionais.com.br\/index.php?rest_route=%2Fwp%2Fv2%2Fcomments&post=3763"}],"version-history":[{"count":1,"href":"https:\/\/noticiasregionais.com.br\/index.php?rest_route=\/wp\/v2\/posts\/3763\/revisions"}],"predecessor-version":[{"id":3765,"href":"https:\/\/noticiasregionais.com.br\/index.php?rest_route=\/wp\/v2\/posts\/3763\/revisions\/3765"}],"wp:featuredmedia":[{"embeddable":true,"href":"https:\/\/noticiasregionais.com.br\/index.php?rest_route=\/wp\/v2\/media\/3764"}],"wp:attachment":[{"href":"https:\/\/noticiasregionais.com.br\/index.php?rest_route=%2Fwp%2Fv2%2Fmedia&parent=3763"}],"wp:term":[{"taxonomy":"category","embeddable":true,"href":"https:\/\/noticiasregionais.com.br\/index.php?rest_route=%2Fwp%2Fv2%2Fcategories&post=3763"},{"taxonomy":"post_tag","embeddable":true,"href":"https:\/\/noticiasregionais.com.br\/index.php?rest_route=%2Fwp%2Fv2%2Ftags&post=3763"}],"curies":[{"name":"wp","href":"https:\/\/api.w.org\/{rel}","templated":true}]}}