{"id":3766,"date":"2024-10-31T08:55:58","date_gmt":"2024-10-31T11:55:58","guid":{"rendered":"https:\/\/noticiasregionais.com.br\/?p=3766"},"modified":"2024-10-31T09:12:05","modified_gmt":"2024-10-31T12:12:05","slug":"etec-sp-recebe-inscricao-para-o-vestibulinho-2025","status":"publish","type":"post","link":"https:\/\/noticiasregionais.com.br\/?p=3766","title":{"rendered":"Etec (SP) recebe inscri\u00e7\u00e3o para o Vestibulinho 2025"},"content":{"rendered":"\n<p class=\"has-text-align-center\"><strong>Escolas T\u00e9cnicas Estaduais de S\u00e3o Paulo (Etecs &#8211; SP) abriu nesta quinta (31) inscri\u00e7\u00f5es para cursos t\u00e9cnicos do Vestibulinho 2025<\/strong><\/p>\n\n\n\n<p>A&nbsp;<strong>inscri\u00e7\u00e3o do&nbsp;Vestibulinho 2025 da&nbsp;Etec<\/strong>&nbsp;foi aberta nesta quinta-feira, 31 de outubro, e pode ser feita no&nbsp;site oficial do processo seletivo das Escolas T\u00e9cnicas Estaduais do Estado de S\u00e3o Paulo (Etecs &#8211; SP). Solicita\u00e7\u00f5es para o<strong>&nbsp;desconto de 50% na taxa que custa R$ 39,85<\/strong>&nbsp;j\u00e1 foram recebidos.<\/p>\n\n\n\n<p><strong><a href=\"https:\/\/www.vestibulinhoetec.com.br\/candidato\/dados-acesso.asp\" rel=\"noreferrer noopener\" target=\"_blank\">Fa\u00e7a aqui sua inscri\u00e7\u00e3o do Vestibulinho 2025 da Etec!<\/a><\/strong><\/p>\n\n\n\n<p>Resultado do benef\u00edcio da isen\u00e7\u00e3o da taxa sair\u00e1 de forma preliminar no dia<strong>&nbsp;5 de novembro.<\/strong>&nbsp;Recursos ser\u00e3o recebidos nos dias 6 e 7 seguintes. Rela\u00e7\u00e3o final dos estudantes com desconto sair\u00e1 no dia 14 de novembro.<\/p>\n\n\n\n<p>Inscri\u00e7\u00f5es ser\u00e3o recebidas entre os dias 31 de outubro e 26 de novembro. Participantes que forem beneficiados pelo desconto ter\u00e3o que se inscrever normalmente.<\/p>\n\n\n\n<p>As Escolas T\u00e9cnicas Estaduais (Etecs), em S\u00e3o Paulo, oferecem aulas para os&nbsp;<strong>ensinos t\u00e9cnico, integrado, m\u00e9dio e especializa\u00e7\u00e3o t\u00e9cnica.&nbsp;<\/strong>Provas para ingresso no primeiro semestre de 2025 ser\u00e3o aplicadas no dia 15 de dezembro.<strong>&nbsp;<\/strong>Na segunda edi\u00e7\u00e3o de 2024 foram oferecidas&nbsp;<strong>41.790 vagas.<\/strong>&nbsp;<\/p>\n\n\n\n<h2 class=\"wp-block-heading\"><strong>Datas do Vestibulinho 2025 da Etec<\/strong><\/h2>\n\n\n\n<p>Confira abaixo o cronograma do&nbsp;Vestibulinho 2025 da&nbsp;Etec:<\/p>\n\n\n\n<ul class=\"wp-block-list\">\n<li>Pedidos de redu\u00e7\u00e3o da taxa:\u00a0<strong>29 e 30\/10<\/strong><\/li>\n\n\n\n<li>Resultado preliminar da redu\u00e7\u00e3o da taxa:<strong>\u00a005\/11<\/strong><\/li>\n\n\n\n<li>Recursos da redu\u00e7\u00e3o da taxa:\u00a0<strong>06 e 07\/11<\/strong><\/li>\n\n\n\n<li>Resultado final da redu\u00e7\u00e3o da taxa:\u00a0<strong>14\/11<\/strong><\/li>\n\n\n\n<li>Inscri\u00e7\u00f5es:\u00a0<strong>31\/10 a 26\/11<\/strong><\/li>\n\n\n\n<li>Locais de prova:\u00a0<strong>11\/12<\/strong><\/li>\n\n\n\n<li>Provas:\u00a0<strong>15\/12<\/strong><\/li>\n\n\n\n<li>Gabaritos oficiais:\u00a0<strong>18\/12<\/strong><\/li>\n\n\n\n<li>Provas de aptid\u00e3o (cursos de Canto, Dan\u00e7a, Reg\u00eancia e Teatro):<strong>\u00a007 e 08\/01\/2025<\/strong><\/li>\n\n\n\n<li>Resultado:\u00a0<strong>13\/01\/2025<\/strong><\/li>\n<\/ul>\n\n\n\n<h2 class=\"wp-block-heading\"><strong>Como funciona o Vestibulinho 2025 da&nbsp;Etec?<\/strong><\/h2>\n\n\n\n<p>A inscri\u00e7\u00e3o para as provas do Vestibulinho 2025 ser\u00e1 realizada no site da sele\u00e7\u00e3o entre 31 de outubro e 26 de novembro.<\/p>\n\n\n\n<p>\u00c9 necess\u00e1rio criar um cadastro com o n\u00famero de CPF e em seguida prosseguir com a inscri\u00e7\u00e3o. O valor da taxa \u00e9 de R$ 39,85. Pedidos de desconto ser\u00e3o recebidos nos dias 29 e 30 de outubro.<\/p>\n\n\n\n<p>Os candidatos ter\u00e3o acesso aos locais de prova no dia&nbsp;<strong>11 de dezembro<\/strong>. O exame ser\u00e1 realizado no dia 15 de dezembro. Os gabaritos oficiais ser\u00e3o liberados no dia 18 de dezembro.<\/p>\n\n\n\n<figure class=\"wp-block-image\"><img decoding=\"async\" src=\"https:\/\/s4.static.brasilescola.uol.com.br\/vestibular\/2024\/04\/etecs-estudantes-roberto-sungi.jpg\" alt=\"Estudantes da Etec SP\"\/><figcaption class=\"wp-element-caption\">Estudantes da Etec-SP.<br>Cr\u00e9dito: Roberto Sungi.<\/figcaption><\/figure>\n\n\n\n<h2 class=\"wp-block-heading\"><strong>Provas do Vestibulinho 2025<\/strong><\/h2>\n\n\n\n<p>O manual do Vestibulinho 2025 ainda n\u00e3o foi divulgado, mas caso a seletiva contiue com o padr\u00e3o dos anos anteriores, as provas elaboradas seguem o curso oferecido ao candidato.&nbsp;Os inscritos no 1\u00ba m\u00f3dulo dos cursos de ensino t\u00e9cnico, por exemplo, fazem&nbsp;prova com 50 quest\u00f5es objetivas.<\/p>\n\n\n\n<p>Os&nbsp;participantes do ingresso ao 2\u00ba m\u00f3dulo de cursos t\u00e9cnicos (vagas remanescentes) e de especializa\u00e7\u00f5es t\u00e9cnicas fazem uma avalia\u00e7\u00e3o composta por&nbsp;<strong>30 quest\u00f5es objetivas.<\/strong><\/p>\n\n\n\n<p>As Etecs possuem o Sistema de Pontua\u00e7\u00e3o Acrescida do Vestibulinho 2025. Candidatos autodeclarados afrodescendentes e\/ou que cursaram integralmente da 5\u00aa s\u00e9rie a 8\u00aa s\u00e9rie ou do 6\u00ba ao 9\u00ba ano do ensino fundamental em escolas p\u00fablicas poder\u00e3o ter acr\u00e9scimo na nota da prova.&nbsp;<\/p>\n\n\n\n<p>Estude as provas anteriores do Vestibulinho das Etecs&nbsp;<a href=\"https:\/\/vestibular.brasilescola.uol.com.br\/downloads\/escola-tecnica-estadual.htm\" target=\"_blank\" rel=\"noopener\"><strong>aqui<\/strong><\/a>.&nbsp;<\/p>\n\n\n\n<h2 class=\"wp-block-heading\"><strong>Vagas do Vestibulinho 2025 da Etec<\/strong><\/h2>\n\n\n\n<p>O Vestibulinho 2025 da Etec disponibiliza&nbsp;tr\u00eas op\u00e7\u00f5es de forma\u00e7\u00e3o:<\/p>\n\n\n\n<ul class=\"wp-block-list\">\n<li>Ensino t\u00e9cnico, a partir do 1\u00ba m\u00f3dulo dos cursos t\u00e9cnico presencial, semipresencial e on-line;<\/li>\n\n\n\n<li>Ensino t\u00e9cnico, a partir do 2\u00ba m\u00f3dulo, por meio de cadastro de reserva para vagas remanescentes<\/li>\n\n\n\n<li>Cursos de Especializa\u00e7\u00e3o T\u00e9cnica de N\u00edvel M\u00e9dio (presencial e on-line).<\/li>\n<\/ul>\n\n\n\n<p>Saiba mais informa\u00e7\u00f5es no\u00a0<strong><a href=\"https:\/\/s1.static.brasilescola.uol.com.br\/vestibular\/2024\/04\/manual-etec-vestibulinho-2024-2.pdf\" target=\"_blank\" rel=\"noopener\">s<\/a><a href=\"https:\/\/www.vestibulinhoetec.com.br\/home\/\" target=\"_blank\" rel=\"noreferrer noopener\">ite oficial do Vestibulinho da Etec.<\/a><\/strong><\/p>\n\n\n\n<p>fonte: UOL<\/p>\n<input type=\"hidden\" id=\"baseurl\" value=\"https:\/\/noticiasregionais.com.br\"><input type=\"hidden\" id=\"audio_nonce\" value=\"533fbb67b1\">","protected":false},"excerpt":{"rendered":"<p>Escolas T\u00e9cnicas Estaduais de S\u00e3o Paulo (Etecs &#8211; SP) abriu nesta quinta (31) inscri\u00e7\u00f5es para cursos t\u00e9cnicos do Vestibulinho 2025&hellip;<\/p>\n","protected":false},"author":1,"featured_media":1159,"comment_status":"closed","ping_status":"open","sticky":false,"template":"","format":"standard","meta":{"sfsi_plus_gutenberg_text_before_share":"","sfsi_plus_gutenberg_show_text_before_share":"","sfsi_plus_gutenberg_icon_type":"","sfsi_plus_gutenberg_icon_alignemt":"","sfsi_plus_gutenburg_max_per_row":"","footnotes":""},"categories":[6,10,1],"tags":[],"class_list":["post-3766","post","type-post","status-publish","format-standard","has-post-thumbnail","hentry","category-sao_paulo","category-destaques","category-noticias"],"_links":{"self":[{"href":"https:\/\/noticiasregionais.com.br\/index.php?rest_route=\/wp\/v2\/posts\/3766","targetHints":{"allow":["GET"]}}],"collection":[{"href":"https:\/\/noticiasregionais.com.br\/index.php?rest_route=\/wp\/v2\/posts"}],"about":[{"href":"https:\/\/noticiasregionais.com.br\/index.php?rest_route=\/wp\/v2\/types\/post"}],"author":[{"embeddable":true,"href":"https:\/\/noticiasregionais.com.br\/index.php?rest_route=\/wp\/v2\/users\/1"}],"replies":[{"embeddable":true,"href":"https:\/\/noticiasregionais.com.br\/index.php?rest_route=%2Fwp%2Fv2%2Fcomments&post=3766"}],"version-history":[{"count":1,"href":"https:\/\/noticiasregionais.com.br\/index.php?rest_route=\/wp\/v2\/posts\/3766\/revisions"}],"predecessor-version":[{"id":3767,"href":"https:\/\/noticiasregionais.com.br\/index.php?rest_route=\/wp\/v2\/posts\/3766\/revisions\/3767"}],"wp:featuredmedia":[{"embeddable":true,"href":"https:\/\/noticiasregionais.com.br\/index.php?rest_route=\/wp\/v2\/media\/1159"}],"wp:attachment":[{"href":"https:\/\/noticiasregionais.com.br\/index.php?rest_route=%2Fwp%2Fv2%2Fmedia&parent=3766"}],"wp:term":[{"taxonomy":"category","embeddable":true,"href":"https:\/\/noticiasregionais.com.br\/index.php?rest_route=%2Fwp%2Fv2%2Fcategories&post=3766"},{"taxonomy":"post_tag","embeddable":true,"href":"https:\/\/noticiasregionais.com.br\/index.php?rest_route=%2Fwp%2Fv2%2Ftags&post=3766"}],"curies":[{"name":"wp","href":"https:\/\/api.w.org\/{rel}","templated":true}]}}