{"id":3771,"date":"2024-10-31T19:11:34","date_gmt":"2024-10-31T22:11:34","guid":{"rendered":"https:\/\/noticiasregionais.com.br\/?p=3771"},"modified":"2024-10-31T19:11:45","modified_gmt":"2024-10-31T22:11:45","slug":"morre-a-k9-troia-apos-oito-anos-de-servicos-dedicados-ao-combate-a-criminalidade-no-parana","status":"publish","type":"post","link":"https:\/\/noticiasregionais.com.br\/?p=3771","title":{"rendered":"Morre a K9 Tr\u00f3ia ap\u00f3s oito anos de servi\u00e7os dedicados ao combate \u00e0 criminalidade no Paran\u00e1"},"content":{"rendered":"\n<p>Na noite desta quarta-feira (30), a Pol\u00edcia Militar do Paran\u00e1 perdeu uma de suas integrantes mais valiosas. Tr\u00f3ia, cadela da ra\u00e7a pastor-belga-malinois, que atuava no Canil do 2\u00ba Batalh\u00e3o de Pol\u00edcia Militar (2\u00baBPM), faleceu ap\u00f3s uma carreira de oito anos dedicada \u00e0 prote\u00e7\u00e3o da popula\u00e7\u00e3o do Norte Pioneiro e \u00e0 luta contra o crime.<\/p>\n\n\n\n<p>Desde que ingressou no 2\u00baBPM, em setembro de 2016, Tr\u00f3ia destacou-se por suas habilidades em m\u00faltiplas frentes de combate \u00e0 criminalidade. Treinada como c\u00e3o de duplo emprego, Tr\u00f3ia possu\u00eda especializa\u00e7\u00e3o em detec\u00e7\u00e3o de entorpecentes e armas de fogo, al\u00e9m de atuar no R\u00e1dio Patrulhamento com C\u00e3es. Sua presen\u00e7a nas opera\u00e7\u00f5es era um refor\u00e7o essencial, sobretudo em situa\u00e7\u00f5es de risco envolvendo o tr\u00e1fico de drogas e a posse ilegal de armas.<\/p>\n\n\n\n<p>Tr\u00f3ia tamb\u00e9m foi fundamental no controle de tumultos em estabelecimentos prisionais, atuando ao lado dos policiais em momentos de crise. Em in\u00fameras opera\u00e7\u00f5es, ela ajudou a PM a elucidar crimes e garantir a seguran\u00e7a da comunidade, consolidando sua posi\u00e7\u00e3o como um exemplo de dedica\u00e7\u00e3o e efici\u00eancia no servi\u00e7o policial.<\/p>\n\n\n\n<p>O legado deixado por Tr\u00f3ia \u00e9 um reflexo do compromisso e da parceria entre policiais e c\u00e3es de servi\u00e7o na manuten\u00e7\u00e3o da ordem e na prote\u00e7\u00e3o da sociedade. A Pol\u00edcia Militar do Paran\u00e1 manifestou profundo pesar pela perda, agradecendo por todos os anos de servi\u00e7o incans\u00e1vel e comprometimento que a K9 Tr\u00f3ia demonstrou em prol da seguran\u00e7a p\u00fablica.<\/p>\n\n\n\n<p>A despedida de Tr\u00f3ia \u00e9 um momento de tristeza para todos aqueles que acompanharam sua trajet\u00f3ria de coragem e empenho.<\/p>\n\n\n\n<figure class=\"wp-block-gallery has-nested-images columns-default is-cropped wp-block-gallery-1 is-layout-flex wp-block-gallery-is-layout-flex\">\n<figure class=\"wp-block-image size-large\"><img decoding=\"async\" width=\"1024\" height=\"1024\" data-id=\"3776\" src=\"https:\/\/noticiasregionais.com.br\/wp-content\/uploads\/2024\/10\/WhatsApp-Image-2024-10-31-at-18.52.44-1024x1024.jpeg\" alt=\"\" class=\"wp-image-3776\" srcset=\"https:\/\/noticiasregionais.com.br\/wp-content\/uploads\/2024\/10\/WhatsApp-Image-2024-10-31-at-18.52.44-1024x1024.jpeg 1024w, https:\/\/noticiasregionais.com.br\/wp-content\/uploads\/2024\/10\/WhatsApp-Image-2024-10-31-at-18.52.44-300x300.jpeg 300w, https:\/\/noticiasregionais.com.br\/wp-content\/uploads\/2024\/10\/WhatsApp-Image-2024-10-31-at-18.52.44-150x150.jpeg 150w, https:\/\/noticiasregionais.com.br\/wp-content\/uploads\/2024\/10\/WhatsApp-Image-2024-10-31-at-18.52.44-768x768.jpeg 768w, https:\/\/noticiasregionais.com.br\/wp-content\/uploads\/2024\/10\/WhatsApp-Image-2024-10-31-at-18.52.44-1536x1536.jpeg 1536w, https:\/\/noticiasregionais.com.br\/wp-content\/uploads\/2024\/10\/WhatsApp-Image-2024-10-31-at-18.52.44.jpeg 1600w\" sizes=\"(max-width: 1024px) 100vw, 1024px\" \/><\/figure>\n\n\n\n<figure class=\"wp-block-image size-large\"><img decoding=\"async\" width=\"1024\" height=\"1024\" data-id=\"3773\" src=\"https:\/\/noticiasregionais.com.br\/wp-content\/uploads\/2024\/10\/WhatsApp-Image-2024-10-31-at-19.01.39-1024x1024.jpeg\" alt=\"\" class=\"wp-image-3773\" srcset=\"https:\/\/noticiasregionais.com.br\/wp-content\/uploads\/2024\/10\/WhatsApp-Image-2024-10-31-at-19.01.39-1024x1024.jpeg 1024w, https:\/\/noticiasregionais.com.br\/wp-content\/uploads\/2024\/10\/WhatsApp-Image-2024-10-31-at-19.01.39-300x300.jpeg 300w, https:\/\/noticiasregionais.com.br\/wp-content\/uploads\/2024\/10\/WhatsApp-Image-2024-10-31-at-19.01.39-150x150.jpeg 150w, https:\/\/noticiasregionais.com.br\/wp-content\/uploads\/2024\/10\/WhatsApp-Image-2024-10-31-at-19.01.39-768x768.jpeg 768w, https:\/\/noticiasregionais.com.br\/wp-content\/uploads\/2024\/10\/WhatsApp-Image-2024-10-31-at-19.01.39-1536x1536.jpeg 1536w, https:\/\/noticiasregionais.com.br\/wp-content\/uploads\/2024\/10\/WhatsApp-Image-2024-10-31-at-19.01.39.jpeg 1600w\" sizes=\"(max-width: 1024px) 100vw, 1024px\" \/><\/figure>\n\n\n\n<figure class=\"wp-block-image size-large\"><img decoding=\"async\" width=\"1024\" height=\"1024\" data-id=\"3774\" src=\"https:\/\/noticiasregionais.com.br\/wp-content\/uploads\/2024\/10\/WhatsApp-Image-2024-10-31-at-19.01.401-1024x1024.jpeg\" alt=\"\" class=\"wp-image-3774\" srcset=\"https:\/\/noticiasregionais.com.br\/wp-content\/uploads\/2024\/10\/WhatsApp-Image-2024-10-31-at-19.01.401-1024x1024.jpeg 1024w, https:\/\/noticiasregionais.com.br\/wp-content\/uploads\/2024\/10\/WhatsApp-Image-2024-10-31-at-19.01.401-300x300.jpeg 300w, https:\/\/noticiasregionais.com.br\/wp-content\/uploads\/2024\/10\/WhatsApp-Image-2024-10-31-at-19.01.401-150x150.jpeg 150w, https:\/\/noticiasregionais.com.br\/wp-content\/uploads\/2024\/10\/WhatsApp-Image-2024-10-31-at-19.01.401-768x768.jpeg 768w, https:\/\/noticiasregionais.com.br\/wp-content\/uploads\/2024\/10\/WhatsApp-Image-2024-10-31-at-19.01.401-1536x1536.jpeg 1536w, https:\/\/noticiasregionais.com.br\/wp-content\/uploads\/2024\/10\/WhatsApp-Image-2024-10-31-at-19.01.401.jpeg 1600w\" sizes=\"(max-width: 1024px) 100vw, 1024px\" \/><\/figure>\n\n\n\n<figure class=\"wp-block-image size-large\"><img decoding=\"async\" width=\"1024\" height=\"1024\" data-id=\"3775\" src=\"https:\/\/noticiasregionais.com.br\/wp-content\/uploads\/2024\/10\/WhatsApp-Image-2024-10-31-at-19.01.40-1024x1024.jpeg\" alt=\"\" class=\"wp-image-3775\" srcset=\"https:\/\/noticiasregionais.com.br\/wp-content\/uploads\/2024\/10\/WhatsApp-Image-2024-10-31-at-19.01.40-1024x1024.jpeg 1024w, https:\/\/noticiasregionais.com.br\/wp-content\/uploads\/2024\/10\/WhatsApp-Image-2024-10-31-at-19.01.40-300x300.jpeg 300w, https:\/\/noticiasregionais.com.br\/wp-content\/uploads\/2024\/10\/WhatsApp-Image-2024-10-31-at-19.01.40-150x150.jpeg 150w, https:\/\/noticiasregionais.com.br\/wp-content\/uploads\/2024\/10\/WhatsApp-Image-2024-10-31-at-19.01.40-768x768.jpeg 768w, https:\/\/noticiasregionais.com.br\/wp-content\/uploads\/2024\/10\/WhatsApp-Image-2024-10-31-at-19.01.40-1536x1536.jpeg 1536w, https:\/\/noticiasregionais.com.br\/wp-content\/uploads\/2024\/10\/WhatsApp-Image-2024-10-31-at-19.01.40.jpeg 1600w\" sizes=\"(max-width: 1024px) 100vw, 1024px\" \/><\/figure>\n\n\n\n<figure class=\"wp-block-image size-large\"><img decoding=\"async\" width=\"1024\" height=\"1024\" data-id=\"3772\" src=\"https:\/\/noticiasregionais.com.br\/wp-content\/uploads\/2024\/10\/WhatsApp-Image-2024-10-31-at-19.01.411-1024x1024.jpeg\" alt=\"\" class=\"wp-image-3772\" srcset=\"https:\/\/noticiasregionais.com.br\/wp-content\/uploads\/2024\/10\/WhatsApp-Image-2024-10-31-at-19.01.411-1024x1024.jpeg 1024w, https:\/\/noticiasregionais.com.br\/wp-content\/uploads\/2024\/10\/WhatsApp-Image-2024-10-31-at-19.01.411-300x300.jpeg 300w, https:\/\/noticiasregionais.com.br\/wp-content\/uploads\/2024\/10\/WhatsApp-Image-2024-10-31-at-19.01.411-150x150.jpeg 150w, https:\/\/noticiasregionais.com.br\/wp-content\/uploads\/2024\/10\/WhatsApp-Image-2024-10-31-at-19.01.411-768x768.jpeg 768w, https:\/\/noticiasregionais.com.br\/wp-content\/uploads\/2024\/10\/WhatsApp-Image-2024-10-31-at-19.01.411-1536x1536.jpeg 1536w, https:\/\/noticiasregionais.com.br\/wp-content\/uploads\/2024\/10\/WhatsApp-Image-2024-10-31-at-19.01.411.jpeg 1600w\" sizes=\"(max-width: 1024px) 100vw, 1024px\" \/><\/figure>\n<\/figure>\n<input type=\"hidden\" id=\"baseurl\" value=\"https:\/\/noticiasregionais.com.br\"><input type=\"hidden\" id=\"audio_nonce\" value=\"533fbb67b1\">","protected":false},"excerpt":{"rendered":"<p>Na noite desta quarta-feira (30), a Pol\u00edcia Militar do Paran\u00e1 perdeu uma de suas integrantes mais valiosas. Tr\u00f3ia, cadela da&hellip;<\/p>\n","protected":false},"author":1,"featured_media":3777,"comment_status":"closed","ping_status":"open","sticky":false,"template":"","format":"standard","meta":{"sfsi_plus_gutenberg_text_before_share":"","sfsi_plus_gutenberg_show_text_before_share":"","sfsi_plus_gutenberg_icon_type":"","sfsi_plus_gutenberg_icon_alignemt":"","sfsi_plus_gutenburg_max_per_row":"","footnotes":""},"categories":[7,10,1],"tags":[],"class_list":["post-3771","post","type-post","status-publish","format-standard","has-post-thumbnail","hentry","category-parana","category-destaques","category-noticias"],"_links":{"self":[{"href":"https:\/\/noticiasregionais.com.br\/index.php?rest_route=\/wp\/v2\/posts\/3771","targetHints":{"allow":["GET"]}}],"collection":[{"href":"https:\/\/noticiasregionais.com.br\/index.php?rest_route=\/wp\/v2\/posts"}],"about":[{"href":"https:\/\/noticiasregionais.com.br\/index.php?rest_route=\/wp\/v2\/types\/post"}],"author":[{"embeddable":true,"href":"https:\/\/noticiasregionais.com.br\/index.php?rest_route=\/wp\/v2\/users\/1"}],"replies":[{"embeddable":true,"href":"https:\/\/noticiasregionais.com.br\/index.php?rest_route=%2Fwp%2Fv2%2Fcomments&post=3771"}],"version-history":[{"count":1,"href":"https:\/\/noticiasregionais.com.br\/index.php?rest_route=\/wp\/v2\/posts\/3771\/revisions"}],"predecessor-version":[{"id":3778,"href":"https:\/\/noticiasregionais.com.br\/index.php?rest_route=\/wp\/v2\/posts\/3771\/revisions\/3778"}],"wp:featuredmedia":[{"embeddable":true,"href":"https:\/\/noticiasregionais.com.br\/index.php?rest_route=\/wp\/v2\/media\/3777"}],"wp:attachment":[{"href":"https:\/\/noticiasregionais.com.br\/index.php?rest_route=%2Fwp%2Fv2%2Fmedia&parent=3771"}],"wp:term":[{"taxonomy":"category","embeddable":true,"href":"https:\/\/noticiasregionais.com.br\/index.php?rest_route=%2Fwp%2Fv2%2Fcategories&post=3771"},{"taxonomy":"post_tag","embeddable":true,"href":"https:\/\/noticiasregionais.com.br\/index.php?rest_route=%2Fwp%2Fv2%2Ftags&post=3771"}],"curies":[{"name":"wp","href":"https:\/\/api.w.org\/{rel}","templated":true}]}}