{"id":3779,"date":"2024-10-31T19:31:57","date_gmt":"2024-10-31T22:31:57","guid":{"rendered":"https:\/\/noticiasregionais.com.br\/?p=3779"},"modified":"2024-10-31T19:32:00","modified_gmt":"2024-10-31T22:32:00","slug":"sebrae-sp-e-cmec-da-ace-ourinhos-promovem-palestra-sobre-o-protagonismo-feminino-no-empreendedorismo","status":"publish","type":"post","link":"https:\/\/noticiasregionais.com.br\/?p=3779","title":{"rendered":"Sebrae-SP e CMEC da ACE Ourinhos promovem palestra sobre o protagonismo feminino no empreendedorismo"},"content":{"rendered":"\n<p>No pr\u00f3ximo dia 12 de novembro, \u00e0s 19h30, o Sebrae-SP e o Conselho da Mulher Empreendedora e Cultura (CMEC) da ACE Ourinhos promovem a palestra \u201cEmpreender com prop\u00f3sito: a for\u00e7a das mulheres nos neg\u00f3cios\u201d, ministrada por Uliana Ferreira. O evento ser\u00e1 realizado no Audit\u00f3rio do Col\u00e9gio Santo Ant\u00f4nio, em Ourinhos.<\/p>\n\n\n\n<p>A participa\u00e7\u00e3o \u00e9 gratuita, e as inscri\u00e7\u00f5es podem ser feitas por meio do link: <a href=\"https:\/\/inscricao.sebraesp.com.br\/produto\/turma\/33147283\" target=\"_blank\" rel=\"noopener\">https:\/\/inscricao.sebraesp.com.br\/produto\/turma\/33147283<\/a>. Os organizadores pedem que os participantes contribuam com a doa\u00e7\u00e3o de um litro de leite na entrada, a ser destinado a institui\u00e7\u00f5es locais.<\/p>\n\n\n\n<p>O evento, idealizado para celebrar o Dia Mundial do Empreendedorismo Feminino, que ocorre em 19 de novembro, visa ressaltar a import\u00e2ncia do empreendedorismo com prop\u00f3sito, destacando seu papel essencial para a sociedade e o ambiente empresarial atuais.<\/p>\n\n\n\n<p>Uliana Ferreira, empres\u00e1ria com vasta experi\u00eancia em Administra\u00e7\u00e3o, Marketing e coaching executivo, \u00e9 a fundadora do Grupo Dona e da comunidade A Dona do Neg\u00f3cio, voltada \u00e0 educa\u00e7\u00e3o empreendedora para mulheres. Com cinco empresas sob sua lideran\u00e7a, ela traz uma vis\u00e3o estrat\u00e9gica sobre como o empreendedorismo pode ser um instrumento de transforma\u00e7\u00e3o.<\/p>\n\n\n\n<p>\u201cCom sua vis\u00e3o e sensibilidade, as mulheres v\u00eam liderando uma nova forma de empreender, que vai al\u00e9m do lucro e busca gerar impactos positivos para a sociedade e o meio ambiente. Empreender com prop\u00f3sito significa alinhar valores pessoais e profissionais em prol de um bem maior\u201d, destacou Viviane Orlandi, analista de neg\u00f3cios do Sebrae-SP, gestora do programa Sebrae D\u2019Elas e vice-coordenadora do CMEC Ourinhos.<\/p>\n<input type=\"hidden\" id=\"baseurl\" value=\"https:\/\/noticiasregionais.com.br\"><input type=\"hidden\" id=\"audio_nonce\" value=\"533fbb67b1\">","protected":false},"excerpt":{"rendered":"<p>No pr\u00f3ximo dia 12 de novembro, \u00e0s 19h30, o Sebrae-SP e o Conselho da Mulher Empreendedora e Cultura (CMEC) da&hellip;<\/p>\n","protected":false},"author":1,"featured_media":3781,"comment_status":"closed","ping_status":"open","sticky":false,"template":"","format":"standard","meta":{"sfsi_plus_gutenberg_text_before_share":"","sfsi_plus_gutenberg_show_text_before_share":"","sfsi_plus_gutenberg_icon_type":"","sfsi_plus_gutenberg_icon_alignemt":"","sfsi_plus_gutenburg_max_per_row":"","footnotes":""},"categories":[10,1,5],"tags":[],"class_list":["post-3779","post","type-post","status-publish","format-standard","has-post-thumbnail","hentry","category-destaques","category-noticias","category-ourinhos"],"_links":{"self":[{"href":"https:\/\/noticiasregionais.com.br\/index.php?rest_route=\/wp\/v2\/posts\/3779","targetHints":{"allow":["GET"]}}],"collection":[{"href":"https:\/\/noticiasregionais.com.br\/index.php?rest_route=\/wp\/v2\/posts"}],"about":[{"href":"https:\/\/noticiasregionais.com.br\/index.php?rest_route=\/wp\/v2\/types\/post"}],"author":[{"embeddable":true,"href":"https:\/\/noticiasregionais.com.br\/index.php?rest_route=\/wp\/v2\/users\/1"}],"replies":[{"embeddable":true,"href":"https:\/\/noticiasregionais.com.br\/index.php?rest_route=%2Fwp%2Fv2%2Fcomments&post=3779"}],"version-history":[{"count":1,"href":"https:\/\/noticiasregionais.com.br\/index.php?rest_route=\/wp\/v2\/posts\/3779\/revisions"}],"predecessor-version":[{"id":3782,"href":"https:\/\/noticiasregionais.com.br\/index.php?rest_route=\/wp\/v2\/posts\/3779\/revisions\/3782"}],"wp:featuredmedia":[{"embeddable":true,"href":"https:\/\/noticiasregionais.com.br\/index.php?rest_route=\/wp\/v2\/media\/3781"}],"wp:attachment":[{"href":"https:\/\/noticiasregionais.com.br\/index.php?rest_route=%2Fwp%2Fv2%2Fmedia&parent=3779"}],"wp:term":[{"taxonomy":"category","embeddable":true,"href":"https:\/\/noticiasregionais.com.br\/index.php?rest_route=%2Fwp%2Fv2%2Fcategories&post=3779"},{"taxonomy":"post_tag","embeddable":true,"href":"https:\/\/noticiasregionais.com.br\/index.php?rest_route=%2Fwp%2Fv2%2Ftags&post=3779"}],"curies":[{"name":"wp","href":"https:\/\/api.w.org\/{rel}","templated":true}]}}