{"id":3783,"date":"2024-10-31T19:46:36","date_gmt":"2024-10-31T22:46:36","guid":{"rendered":"https:\/\/noticiasregionais.com.br\/?p=3783"},"modified":"2024-10-31T19:46:39","modified_gmt":"2024-10-31T22:46:39","slug":"patricia-miranda-sera-secretaria-de-inclusao-em-ourinhos-no-governo-de-guilherme-goncalves-e-alexandre-zoio","status":"publish","type":"post","link":"https:\/\/noticiasregionais.com.br\/?p=3783","title":{"rendered":"Patr\u00edcia Miranda ser\u00e1 Secret\u00e1ria de Inclus\u00e3o em Ourinhos no governo de Guilherme Gon\u00e7alves e Alexandre Z\u00f3io"},"content":{"rendered":"\n<p>Ourinhos tem novidades para a gest\u00e3o p\u00fablica de 2025. Foi confirmada a escolha de Patr\u00edcia Miranda para ocupar a Secretaria de Inclus\u00e3o no governo de Guilherme Gon\u00e7alves e Alexandre Z\u00f3io. Com uma sele\u00e7\u00e3o criteriosa e estrat\u00e9gica, os novos gestores buscaram algu\u00e9m comprometido com o desenvolvimento inclusivo da cidade, encontrando em Patr\u00edcia uma profissional experiente e conhecida na comunidade.<\/p>\n\n\n\n<p>Formada na \u00e1rea e com cinco p\u00f3s-gradua\u00e7\u00f5es, Patr\u00edcia Miranda \u00e9 um nome familiar para muitos moradores de Ourinhos, especialmente por sua atua\u00e7\u00e3o junto \u00e0 APAE, onde exerce um papel ativo e comprometido. Essa trajet\u00f3ria s\u00f3lida e o envolvimento com causas inclusivas fazem de Patr\u00edcia uma escolha natural para liderar pol\u00edticas p\u00fablicas de inclus\u00e3o, com foco em iniciativas que realmente atendam \u00e0 popula\u00e7\u00e3o.<\/p>\n\n\n\n<p>A expectativa para a nova gest\u00e3o \u00e9 de que Patr\u00edcia impulsione e amplie projetos de inclus\u00e3o, colocando Ourinhos como refer\u00eancia na \u00e1rea. Guilherme e Z\u00f3io, com essa escolha, n\u00e3o apenas demonstram preocupa\u00e7\u00e3o com a inclus\u00e3o, mas refor\u00e7am o compromisso em trabalhar com profissionais capacitados e sintonizados com as necessidades locais.<\/p>\n\n\n\n<p>Com Patr\u00edcia Miranda \u00e0 frente da Secretaria de Inclus\u00e3o, a cidade ganha uma lideran\u00e7a preparada para transformar inclus\u00e3o social em uma prioridade.<\/p>\n<input type=\"hidden\" id=\"baseurl\" value=\"https:\/\/noticiasregionais.com.br\"><input type=\"hidden\" id=\"audio_nonce\" value=\"533fbb67b1\">","protected":false},"excerpt":{"rendered":"<p>Ourinhos tem novidades para a gest\u00e3o p\u00fablica de 2025. Foi confirmada a escolha de Patr\u00edcia Miranda para ocupar a Secretaria&hellip;<\/p>\n","protected":false},"author":1,"featured_media":3784,"comment_status":"closed","ping_status":"open","sticky":false,"template":"","format":"standard","meta":{"sfsi_plus_gutenberg_text_before_share":"","sfsi_plus_gutenberg_show_text_before_share":"","sfsi_plus_gutenberg_icon_type":"","sfsi_plus_gutenberg_icon_alignemt":"","sfsi_plus_gutenburg_max_per_row":"","footnotes":""},"categories":[5,12,1],"tags":[],"class_list":["post-3783","post","type-post","status-publish","format-standard","has-post-thumbnail","hentry","category-ourinhos","category-capa","category-noticias"],"_links":{"self":[{"href":"https:\/\/noticiasregionais.com.br\/index.php?rest_route=\/wp\/v2\/posts\/3783","targetHints":{"allow":["GET"]}}],"collection":[{"href":"https:\/\/noticiasregionais.com.br\/index.php?rest_route=\/wp\/v2\/posts"}],"about":[{"href":"https:\/\/noticiasregionais.com.br\/index.php?rest_route=\/wp\/v2\/types\/post"}],"author":[{"embeddable":true,"href":"https:\/\/noticiasregionais.com.br\/index.php?rest_route=\/wp\/v2\/users\/1"}],"replies":[{"embeddable":true,"href":"https:\/\/noticiasregionais.com.br\/index.php?rest_route=%2Fwp%2Fv2%2Fcomments&post=3783"}],"version-history":[{"count":1,"href":"https:\/\/noticiasregionais.com.br\/index.php?rest_route=\/wp\/v2\/posts\/3783\/revisions"}],"predecessor-version":[{"id":3785,"href":"https:\/\/noticiasregionais.com.br\/index.php?rest_route=\/wp\/v2\/posts\/3783\/revisions\/3785"}],"wp:featuredmedia":[{"embeddable":true,"href":"https:\/\/noticiasregionais.com.br\/index.php?rest_route=\/wp\/v2\/media\/3784"}],"wp:attachment":[{"href":"https:\/\/noticiasregionais.com.br\/index.php?rest_route=%2Fwp%2Fv2%2Fmedia&parent=3783"}],"wp:term":[{"taxonomy":"category","embeddable":true,"href":"https:\/\/noticiasregionais.com.br\/index.php?rest_route=%2Fwp%2Fv2%2Fcategories&post=3783"},{"taxonomy":"post_tag","embeddable":true,"href":"https:\/\/noticiasregionais.com.br\/index.php?rest_route=%2Fwp%2Fv2%2Ftags&post=3783"}],"curies":[{"name":"wp","href":"https:\/\/api.w.org\/{rel}","templated":true}]}}